{"id":284795,"date":"2025-07-30T17:21:16","date_gmt":"2025-07-30T17:21:16","guid":{"rendered":"https:\/\/www.europesays.com\/fr\/284795\/"},"modified":"2025-07-30T17:21:16","modified_gmt":"2025-07-30T17:21:16","slug":"litalie-convoque-lambassadeur-de-russie-apres-linscription-de-mattarella-sur-une-liste-de-russophobes","status":"publish","type":"post","link":"https:\/\/www.europesays.com\/fr\/284795\/","title":{"rendered":"L&rsquo;Italie convoque l&rsquo;ambassadeur de Russie apr\u00e8s l&rsquo;inscription de Mattarella sur une liste de \u00ab russophobes \u00bb"},"content":{"rendered":"<p>Le gouvernement italien a annonc\u00e9 mercredi avoir convoqu\u00e9 l&rsquo;ambassadeur de Russie afin de protester contre l&rsquo;inscription du pr\u00e9sident Sergio Mattarella sur une liste dress\u00e9e par Moscou, recensant des dirigeants occidentaux accus\u00e9s de sentiments anti-russes.<\/p>\n<p>\u00ab Publier une liste de soi-disant &lsquo;russophobes&rsquo; qui inciteraient pr\u00e9tendument \u00e0 la haine contre la Russie est une nouvelle op\u00e9ration de propagande \u00bb, a d\u00e9clar\u00e9 la Premi\u00e8re ministre Giorgia Meloni dans un communiqu\u00e9.<\/p>\n<p>Le 24 juillet, le minist\u00e8re russe des Affaires \u00e9trang\u00e8res a publi\u00e9 une liste recensant ce qu&rsquo;il qualifie de \u00ab discours de haine \u00bb \u00e0 l&rsquo;encontre de la Russie, \u00e9manant de membres des \u00e9lites occidentales. Cette liste mentionne notamment une d\u00e9claration de Mattarella prononc\u00e9e \u00e0 l&rsquo;Universit\u00e9 d&rsquo;Aix-Marseille en f\u00e9vrier dernier.<\/p>\n<p>Dans son discours, le pr\u00e9sident italien avait \u00e9tabli un parall\u00e8le entre l&rsquo;invasion \u00e0 grande \u00e9chelle de l&rsquo;Ukraine par la Russie en 2022 et les guerres expansionnistes men\u00e9es par l&rsquo;Allemagne nazie.<\/p>\n<p>Le minist\u00e8re russe des Affaires \u00e9trang\u00e8res n&rsquo;a pas imm\u00e9diatement r\u00e9pondu \u00e0 une demande de commentaire.<\/p>\n<p>\u00ab Du c\u00f4t\u00e9 italien, en condamnant l&rsquo;agression russe inacceptable contre l&rsquo;Ukraine, aucune intention hostile \u00e0 l&rsquo;\u00e9gard de la F\u00e9d\u00e9ration ou du peuple russe n&rsquo;a jamais \u00e9t\u00e9 exprim\u00e9e \u00bb, a affirm\u00e9 le ministre italien des Affaires \u00e9trang\u00e8res, Antonio Tajani, \u00e0 l&rsquo;attention de l&rsquo;ambassadeur russe Aleksej Paramonov lors de leur rencontre, selon un communiqu\u00e9.<\/p>\n<p>L&rsquo;Italie entretenait traditionnellement des liens politiques et \u00e9conomiques \u00e9troits avec la Russie. Cependant, apr\u00e8s l&rsquo;invasion de l&rsquo;Ukraine par Moscou, les relations se sont d\u00e9t\u00e9rior\u00e9es et Rome a affich\u00e9 un soutien sans faille \u00e0 Kyiv.<\/p>\n<p>Selon Giorgia Meloni, Moscou a viol\u00e9 le droit international en envahissant l&rsquo;Ukraine, ce qui a conduit les pays occidentaux \u00e0 condamner la Russie.<\/p>\n<p>Mattarella est le seul Italien figurant sur cette liste, qui comprend \u00e9galement le chancelier allemand Friedrich Merz, la Haute Repr\u00e9sentante de l&rsquo;Union europ\u00e9enne pour les affaires \u00e9trang\u00e8res Kaja Kallas, le secr\u00e9taire g\u00e9n\u00e9ral de l&rsquo;OTAN Mark Rutte, ainsi que le pr\u00e9sident fran\u00e7ais Emmanuel Macron.<\/p>\n","protected":false},"excerpt":{"rendered":"Le gouvernement italien a annonc\u00e9 mercredi avoir convoqu\u00e9 l&rsquo;ambassadeur de Russie afin de protester contre l&rsquo;inscription du pr\u00e9sident&hellip;\n","protected":false},"author":2,"featured_media":284796,"comment_status":"","ping_status":"","sticky":false,"template":"","format":"standard","meta":{"footnotes":""},"categories":[1591],"tags":[11,340,1887,12,1885,1886,132],"class_list":{"0":"post-284795","1":"post","2":"type-post","3":"status-publish","4":"format-standard","5":"has-post-thumbnail","7":"category-russie","8":"tag-actualites","9":"tag-bourse","10":"tag-federation-de-russie","11":"tag-news","12":"tag-russia","13":"tag-russian-federation","14":"tag-russie"},"share_on_mastodon":{"url":"https:\/\/pubeurope.com\/@fr\/114943340367629309","error":""},"_links":{"self":[{"href":"https:\/\/www.europesays.com\/fr\/wp-json\/wp\/v2\/posts\/284795","targetHints":{"allow":["GET"]}}],"collection":[{"href":"https:\/\/www.europesays.com\/fr\/wp-json\/wp\/v2\/posts"}],"about":[{"href":"https:\/\/www.europesays.com\/fr\/wp-json\/wp\/v2\/types\/post"}],"author":[{"embeddable":true,"href":"https:\/\/www.europesays.com\/fr\/wp-json\/wp\/v2\/users\/2"}],"replies":[{"embeddable":true,"href":"https:\/\/www.europesays.com\/fr\/wp-json\/wp\/v2\/comments?post=284795"}],"version-history":[{"count":0,"href":"https:\/\/www.europesays.com\/fr\/wp-json\/wp\/v2\/posts\/284795\/revisions"}],"wp:featuredmedia":[{"embeddable":true,"href":"https:\/\/www.europesays.com\/fr\/wp-json\/wp\/v2\/media\/284796"}],"wp:attachment":[{"href":"https:\/\/www.europesays.com\/fr\/wp-json\/wp\/v2\/media?parent=284795"}],"wp:term":[{"taxonomy":"category","embeddable":true,"href":"https:\/\/www.europesays.com\/fr\/wp-json\/wp\/v2\/categories?post=284795"},{"taxonomy":"post_tag","embeddable":true,"href":"https:\/\/www.europesays.com\/fr\/wp-json\/wp\/v2\/tags?post=284795"}],"curies":[{"name":"wp","href":"https:\/\/api.w.org\/{rel}","templated":true}]}}