{"id":284799,"date":"2025-07-30T17:23:11","date_gmt":"2025-07-30T17:23:11","guid":{"rendered":"https:\/\/www.europesays.com\/fr\/284799\/"},"modified":"2025-07-30T17:23:11","modified_gmt":"2025-07-30T17:23:11","slug":"comment-donald-trump-impose-son-nouvel-ordre-au-commerce-mondial","status":"publish","type":"post","link":"https:\/\/www.europesays.com\/fr\/284799\/","title":{"rendered":"Comment Donald Trump impose son nouvel ordre au commerce mondial"},"content":{"rendered":"<p><strong>D\u00c9CRYPTAGE &#8211;<\/strong> Avec sa d\u00e9ferlante protectionniste inflig\u00e9e \u00e0 l\u2019ensemble de la plan\u00e8te, ce 1er ao\u00fbt, le pr\u00e9sident am\u00e9ricain revient au niveau des ann\u00e9es trente. Un choc majeur.<\/p>\n<p class=\"fig-paragraph\">Dimanche dernier, le secr\u00e9taire au Commerce am\u00e9ricain,\u00a0<a href=\"http:\/\/www.lefigaro.fr\/conjoncture\/on-l-accuse-de-pousser-trump-a-en-faire-trop-qui-est-howard-lutnick-le-monsieur-droits-de-douane-du-president-20250402\" target=\"_blank\" data-fig-type=\"Article\" rel=\"noopener nofollow\" data-gtm-custom-categorie=\"navigation\" data-gtm-custom-action=\"crossclick\" data-gtm-custom-label=\"Contextuel\" data-gtm-event=\"customEventSPE\" data-fig-domain=\"LEFIGARO\">Howard Lutnick<\/a>, a assur\u00e9 qu\u2019il n\u2019y aura \u00ab\u00a0pas d\u2019extension\u00a0\u00bb \u00e0 la pause des droits de douane souhait\u00e9s par Donald Trump. Apr\u00e8s une rallonge de trois semaines, d\u00e9but juillet, \u00e0\u00a0<a href=\"http:\/\/www.lefigaro.fr\/conjoncture\/de-la-guerre-commerciale-totale-a-la-treve-surprise-de-90-jours-les-coulisses-du-revirement-spectaculaire-de-trump-20250410\" target=\"_blank\" data-fig-type=\"Article\" rel=\"noopener nofollow\" data-gtm-custom-categorie=\"navigation\" data-gtm-custom-action=\"crossclick\" data-gtm-custom-label=\"Contextuel\" data-gtm-event=\"customEventSPE\" data-fig-domain=\"LEFIGARO\">la tr\u00eave de 90 jours<\/a>\u00a0annonc\u00e9e dans la foul\u00e9e du \u00ab\u00a0jour de lib\u00e9ration\u00a0\u00bb d\u00e9but avril, l\u2019\u00e9ch\u00e9ance est bien fix\u00e9e au 1er\u00a0ao\u00fbt. \u00ab\u00a0Pas d\u2019extension, pas de d\u00e9lai suppl\u00e9mentaire. Le 1er\u00a0ao\u00fbt, les droits de douane entreront en vigueur\u00a0\u00bb, a insist\u00e9 Lutnick sur Fox News. Toutes les entreprises des pays qui n\u2019ont pas sign\u00e9 d\u2019accord avec les \u00c9tats-Unis, soit l\u2019\u00e9crasante majorit\u00e9, subiront une surtaxe sur leurs exportations \u00e0 l\u2019Oncle Sam. Les partenaires commerciaux des \u00c9tats-Unis pourront \u00ab\u00a0continuer d\u2019\u00e9changer avec le pr\u00e9sident Trump apr\u00e8s le 1er\u00a0ao\u00fbt\u00a0\u00bb, a-t-il toutefois pr\u00e9cis\u00e9.<\/p>\n<p class=\"fig-paragraph\">Pour l\u2019instant, six pays ou bloc d\u2019\u00c9tats ont sign\u00e9, ou du moins annonc\u00e9 un accord avec Washington\u00a0:\u00a0<a href=\"http:\/\/www.lefigaro.fr\/conjoncture\/l-inde-signe-avec-le-royaume-uni-un-accord-commercial-de-bon-augure-pour-conclure-avec-bruxelles-20250724\" target=\"_blank\" data-fig-type=\"Article\" rel=\"noopener nofollow\" data-gtm-custom-categorie=\"navigation\" data-gtm-custom-action=\"crossclick\" data-gtm-custom-label=\"Contextuel\" data-gtm-event=\"customEventSPE\" data-fig-domain=\"LEFIGARO\">le Royaume-Uni<\/a>, le Vietnam, l\u2019Indon\u00e9sie, les Philippines, le Japon et\u00a0<a href=\"http:\/\/www.lefigaro.fr\/conjoncture\/donald-trump-annonce-un-accord-avec-l-ue-sur-des-droits-de-douane-de-15-20250727\" target=\"_blank\" data-fig-type=\"NewsFlash\" rel=\"noopener nofollow\" data-gtm-custom-categorie=\"navigation\" data-gtm-custom-action=\"crossclick\" data-gtm-custom-label=\"Contextuel\" data-gtm-event=\"customEventSPE\" data-fig-domain=\"LEFIGARO\">l\u2019Union\u2026<\/a><\/p>\n<p class=\"fig-premium-paywall__infos\">\n        Cet article est r\u00e9serv\u00e9 aux abonn\u00e9s.        Il vous reste 87% \u00e0 d\u00e9couvrir.\n    <\/p>\n<p>                <img  data- alt=\"Le Figaro\" class=\"fig-img--complete fig-img\"\/><\/p>\n<p class=\"fig-premium-paywall__title\">Vous avez envie de lire la suite ?<\/p>\n<p class=\"fig-premium-paywall__subtitle\">D\u00e9bloquez tous les articles imm\u00e9diatement.<\/p>\n<p class=\"fig-premium-paywall__connect\">\n                D\u00e9j\u00e0 abonn\u00e9\u00a0?                <a class=\"fig-premium-paywall__connect-link\" href=\"https:\/\/connect.lefigaro.fr\/login?client=horizon_web&amp;type=main&amp;redirect_uri=https%3A%2F%2Fwww.lefigaro.fr%2Fconjoncture%2Fcomment-donald-trump-impose-son-nouvel-ordre-au-commerce-mondial-20250730\" data-js-gtm=\"{&quot;customCategorie&quot;: &quot;conversion&quot;, &quot;customAction&quot;: &quot;before_Landing_Connexion_paywall_auto&quot;, &quot;customLabel&quot;: &quot;bGVmaWdhcm8uZnJfXzFmMDZjODA0LTQxZmQtNjE4Yy04MDViLTdkNmI0NTZkOWQ5N19fQXJ0aWNsZQ==_Comment Donald Trump impose son nouvel ordre au commerce mondial_176&quot;, &quot;customIDSPE&quot;: &quot;bGVmaWdhcm8uZnJfXzFmMDZjODA0LTQxZmQtNjE4Yy04MDViLTdkNmI0NTZkOWQ5N19fQXJ0aWNsZQ==&quot;, &quot;event&quot;: &quot;customEventSPE&quot;}\" rel=\"nofollow noopener\" target=\"_blank\"><br \/>\n                    Connectez-vous<br \/>\n                <\/a>\n            <\/p>\n","protected":false},"excerpt":{"rendered":"D\u00c9CRYPTAGE &#8211; Avec sa d\u00e9ferlante protectionniste inflig\u00e9e \u00e0 l\u2019ensemble de la plan\u00e8te, ce 1er ao\u00fbt, le pr\u00e9sident am\u00e9ricain&hellip;\n","protected":false},"author":2,"featured_media":284800,"comment_status":"","ping_status":"","sticky":false,"template":"","format":"standard","meta":{"footnotes":""},"categories":[1589],"tags":[11,75,73,1866,1074,12,1864,1865,1863,308],"class_list":{"0":"post-284799","1":"post","2":"type-post","3":"status-publish","4":"format-standard","5":"has-post-thumbnail","7":"category-etats-unis","8":"tag-actualites","9":"tag-donald-trump","10":"tag-etats-unis","11":"tag-etats-unis-damerique","12":"tag-guerre-commerciale","13":"tag-news","14":"tag-united-states","15":"tag-united-states-of-america","16":"tag-us","17":"tag-usa"},"share_on_mastodon":{"url":"https:\/\/pubeurope.com\/@fr\/114943348330310611","error":""},"_links":{"self":[{"href":"https:\/\/www.europesays.com\/fr\/wp-json\/wp\/v2\/posts\/284799","targetHints":{"allow":["GET"]}}],"collection":[{"href":"https:\/\/www.europesays.com\/fr\/wp-json\/wp\/v2\/posts"}],"about":[{"href":"https:\/\/www.europesays.com\/fr\/wp-json\/wp\/v2\/types\/post"}],"author":[{"embeddable":true,"href":"https:\/\/www.europesays.com\/fr\/wp-json\/wp\/v2\/users\/2"}],"replies":[{"embeddable":true,"href":"https:\/\/www.europesays.com\/fr\/wp-json\/wp\/v2\/comments?post=284799"}],"version-history":[{"count":0,"href":"https:\/\/www.europesays.com\/fr\/wp-json\/wp\/v2\/posts\/284799\/revisions"}],"wp:featuredmedia":[{"embeddable":true,"href":"https:\/\/www.europesays.com\/fr\/wp-json\/wp\/v2\/media\/284800"}],"wp:attachment":[{"href":"https:\/\/www.europesays.com\/fr\/wp-json\/wp\/v2\/media?parent=284799"}],"wp:term":[{"taxonomy":"category","embeddable":true,"href":"https:\/\/www.europesays.com\/fr\/wp-json\/wp\/v2\/categories?post=284799"},{"taxonomy":"post_tag","embeddable":true,"href":"https:\/\/www.europesays.com\/fr\/wp-json\/wp\/v2\/tags?post=284799"}],"curies":[{"name":"wp","href":"https:\/\/api.w.org\/{rel}","templated":true}]}}