{"id":284803,"date":"2025-07-30T17:25:15","date_gmt":"2025-07-30T17:25:15","guid":{"rendered":"https:\/\/www.europesays.com\/fr\/284803\/"},"modified":"2025-07-30T17:25:15","modified_gmt":"2025-07-30T17:25:15","slug":"les-exportations-de-cafe-vers-lallemagne-en-forte-hausse","status":"publish","type":"post","link":"https:\/\/www.europesays.com\/fr\/284803\/","title":{"rendered":"Les exportations de caf\u00e9 vers l\u2019Allemagne en forte hausse"},"content":{"rendered":"<p>&#13;<br \/>\n                        Les exportations de caf\u00e9 vers l\u2019Allemagne en forte hausse&#13;\n                    <\/p>\n<p style=\"text-align:\">Selon les donn\u00e9es du D\u00e9partement des douanes du Vietnam, fin juin 2025, le chiffre d\u2019affaires des \u00e9changes bilat\u00e9raux entre le Vietnam et l\u2019Allemagne a atteint environ 6,65 milliards de dollars, soit une hausse de 18,8% par rapport aux six premiers mois de 2024.<\/p>\n<p><a href=\"https:\/\/lecourrier.vn\/vietnam-nos-meilleures-adresses-pour-explorer-gouter-et-semerveiller\/1286166.html\" title=\"Vietnam : nos meilleures adresses pour explorer, go\u00fbter et s&#039;\u00e9merveiller\" rel=\"nofollow noopener\" target=\"_blank\">&gt;&gt; Vietnam : nos meilleures adresses pour explorer, go\u00fbter et s&rsquo;\u00e9merveiller<\/a><\/p>\n<p><a href=\"https:\/\/lecourrier.vn\/le-vietnam-fait-son-entree-a-lexpocafe-2025-au-chili\/1287219.html\" title=\"Le Vietnam fait son entr\u00e9e \u00e0 l\u2019ExpoCaf\u00e9 2025 au Chili\" rel=\"nofollow noopener\" target=\"_blank\">&gt;&gt; Le Vietnam fait son entr\u00e9e \u00e0 l\u2019ExpoCaf\u00e9 2025 au Chili<\/a><\/p>\n<p style=\"text-align:left\">Dans ce total, les exportations du Vietnam vers l\u2019Allemagne se sont \u00e9lev\u00e9es \u00e0 plus de 4,75 milliards de dollars et les importations \u00e0 environ 1,9 milliard de dollars, en progression respective de 24% et 7,4% par rapport \u00e0 la m\u00eame p\u00e9riode de 2024.<\/p>\n<p style=\"text-align:left\">La croissance des exportations vietnamiennes vers l\u2019Allemagne au premier semestre a \u00e9t\u00e9 port\u00e9e en grande partie par le caf\u00e9, dont les ventes ont d\u00e9pass\u00e9 824,85 millions de dollars, en hausse de 113%, repr\u00e9sentant environ 17,4% du total des exportations vietnamiennes vers ce march\u00e9.<\/p>\n<tr>\n<td class=\"pic\"><img decoding=\"async\" class=\"lazyload\" src=\"https:\/\/www.europesays.com\/fr\/wp-content\/uploads\/2025\/07\/124821-img_5124.jpg\" alt=\"\"\/><\/td>\n<\/tr>\n<tr>\n<td class=\"caption\">Le Vietnam est le deuxi\u00e8me fournisseur de caf\u00e9 de l\u2019Allemagne.<\/td>\n<\/tr>\n<p style=\"text-align:left\">Les exportations de caf\u00e9 du Vietnam vers l\u2019Allemagne ont fortement augment\u00e9 dans un contexte de chiffre d\u2019affaires record pour ce secteur, gr\u00e2ce \u00e0 un prix moyen \u00e0 l\u2019exportation particuli\u00e8rement \u00e9lev\u00e9, d\u00e9passant 5 700 dollars la tonne, soit une hausse de plus de 59% sur un an. L\u2019Allemagne est ainsi devenue le premier march\u00e9 consommateur de caf\u00e9 vietnamien au cours des six derniers mois, repr\u00e9sentant 16,3 % du total, suivie par l\u2019Italie (7,9%) et l\u2019Espagne (7,4%). Le Vietnam demeure par ailleurs le deuxi\u00e8me fournisseur de caf\u00e9 de l\u2019Allemagne, apr\u00e8s le Br\u00e9sil.<\/p>\n<p style=\"text-align:left\">Selon le minist\u00e8re de l\u2019Agriculture et de l\u2019Environnement, si la tendance actuelle se poursuit, les exportations de caf\u00e9 pourraient atteindre 7,5 milliards de dollars sur l\u2019ensemble de l\u2019ann\u00e9e 2025, soit une augmentation d\u2019environ 37% par rapport \u00e0 2024.<\/p>\n<p style=\"text-align:right\"><b>Texte et photo: Truong Giang\/CVN<\/b><\/p>\n","protected":false},"excerpt":{"rendered":"&#13; Les exportations de caf\u00e9 vers l\u2019Allemagne en forte hausse&#13; Selon les donn\u00e9es du D\u00e9partement des douanes du&hellip;\n","protected":false},"author":2,"featured_media":284804,"comment_status":"","ping_status":"","sticky":false,"template":"","format":"standard","meta":{"footnotes":""},"categories":[1587],"tags":[11,672,1804,4586,1805,1803,1777,674,21821,1801,4508,12,1802],"class_list":{"0":"post-284803","1":"post","2":"type-post","3":"status-publish","4":"format-standard","5":"has-post-thumbnail","7":"category-allemagne","8":"tag-actualites","9":"tag-allemagne","10":"tag-bundesrepublik-deutschland","11":"tag-cafe","12":"tag-de","13":"tag-deutschland","14":"tag-eu","15":"tag-europe","16":"tag-exportations","17":"tag-germany","18":"tag-hausse","19":"tag-news","20":"tag-republique-federale-dallemagne"},"share_on_mastodon":{"url":"https:\/\/pubeurope.com\/@fr\/114943356066424920","error":""},"_links":{"self":[{"href":"https:\/\/www.europesays.com\/fr\/wp-json\/wp\/v2\/posts\/284803","targetHints":{"allow":["GET"]}}],"collection":[{"href":"https:\/\/www.europesays.com\/fr\/wp-json\/wp\/v2\/posts"}],"about":[{"href":"https:\/\/www.europesays.com\/fr\/wp-json\/wp\/v2\/types\/post"}],"author":[{"embeddable":true,"href":"https:\/\/www.europesays.com\/fr\/wp-json\/wp\/v2\/users\/2"}],"replies":[{"embeddable":true,"href":"https:\/\/www.europesays.com\/fr\/wp-json\/wp\/v2\/comments?post=284803"}],"version-history":[{"count":0,"href":"https:\/\/www.europesays.com\/fr\/wp-json\/wp\/v2\/posts\/284803\/revisions"}],"wp:featuredmedia":[{"embeddable":true,"href":"https:\/\/www.europesays.com\/fr\/wp-json\/wp\/v2\/media\/284804"}],"wp:attachment":[{"href":"https:\/\/www.europesays.com\/fr\/wp-json\/wp\/v2\/media?parent=284803"}],"wp:term":[{"taxonomy":"category","embeddable":true,"href":"https:\/\/www.europesays.com\/fr\/wp-json\/wp\/v2\/categories?post=284803"},{"taxonomy":"post_tag","embeddable":true,"href":"https:\/\/www.europesays.com\/fr\/wp-json\/wp\/v2\/tags?post=284803"}],"curies":[{"name":"wp","href":"https:\/\/api.w.org\/{rel}","templated":true}]}}