{"id":284805,"date":"2025-07-30T17:26:09","date_gmt":"2025-07-30T17:26:09","guid":{"rendered":"https:\/\/www.europesays.com\/fr\/284805\/"},"modified":"2025-07-30T17:26:09","modified_gmt":"2025-07-30T17:26:09","slug":"leurope-face-a-trump-le-stigmate-de-la-soumission","status":"publish","type":"post","link":"https:\/\/www.europesays.com\/fr\/284805\/","title":{"rendered":"\u00ab\u00a0L\u2019Europe face \u00e0 Trump, le stigmate de la soumission\u00a0\u00bb"},"content":{"rendered":"<p>            <a href=\"https:\/\/www.lefigaro.fr\/vox\/monde\/renaud-girard-la-capitulation-economique-de-l-ue-face-a-trump-20250728\" class=\"fig-ranking-profile-link\" aria-label=\"Renaud Girard\u00a0: \u00abLa capitulation \u00e9conomique de l\u2019UE face \u00e0 Trump\u00bb (article Premium)\" title=\"Renaud Girard\u00a0: \u00abLa capitulation \u00e9conomique de l\u2019UE face \u00e0 Trump\u00bb (article Premium)\" data-fig-domain=\"LEFIGARO\" target=\"_blank\" rel=\"noopener\"><\/p>\n<p>        Renaud Girard\u00a0: \u00abLa capitulation \u00e9conomique de l\u2019UE face \u00e0 Trump\u00bb<\/p>\n<p>                                                <\/a><\/p>\n<p>        <img   class=\"fig-img fig-ranking-profile-media-small-picture__photo\" alt=\"Renaud Girard\u00a0: \u00abLa capitulation \u00e9conomique de l\u2019UE face \u00e0 Trump\u00bb\" height=\"1113\" width=\"1979\"\/><\/p>\n<p class=\"fig-ranking-profile-standfirst\">\n    <strong>CHRONIQUE &#8211; <\/strong>En signant, dimanche, un accord avec les \u00c9tats-Unis, instaurant une surtaxe douani\u00e8re de 15\u00a0% pour l\u2019Europe, Ursula von\u00a0der\u00a0Leyen s\u2019est litt\u00e9ralement jet\u00e9e sur le toboggan de la soumission \u00e9conomique. Il serait temps qu\u2019elle relise les trait\u00e9s europ\u00e9ens.\n<\/p>\n<p>            <a href=\"https:\/\/www.lefigaro.fr\/vox\/monde\/gabriel-attal-l-europe-doit-instaurer-sans-attendre-des-tarifs-douaniers-sur-les-geants-du-numerique-20250729\" class=\"fig-ranking-profile-link\" aria-label=\"Gabriel Attal\u00a0: \u00abL\u2019Europe doit instaurer sans attendre des tarifs douaniers sur les g\u00e9ants du num\u00e9rique\u00bb (article Premium)\" title=\"Gabriel Attal\u00a0: \u00abL\u2019Europe doit instaurer sans attendre des tarifs douaniers sur les g\u00e9ants du num\u00e9rique\u00bb (article Premium)\" data-fig-domain=\"LEFIGARO\" target=\"_blank\" rel=\"noopener\"><\/p>\n<p>        Gabriel Attal\u00a0: \u00abL\u2019Europe doit instaurer sans attendre des tarifs douaniers sur les g\u00e9ants du num\u00e9rique\u00bb<\/p>\n<p>                                                <\/a><\/p>\n<p>        <img   class=\"fig-img fig-ranking-profile-media-small-picture__photo\" alt=\"Gabriel Attal\u00a0: \u00abL\u2019Europe doit instaurer sans attendre des tarifs douaniers sur les g\u00e9ants du num\u00e9rique\u00bb\" height=\"1986\" width=\"3000\"\/><\/p>\n<p class=\"fig-ranking-profile-standfirst\">\n    <strong>FIGAROVOX\/TRIBUNE &#8211; <\/strong>Par-del\u00e0 l\u2019accord, n\u00e9faste pour l\u2019Europe, conclu entre l\u2019UE et les \u00c9tats-Unis, il est temps de penser aux moyens de b\u00e2tir notre propre puissance, estimel\u2019ancien premier ministre. Il dresse une s\u00e9rie de mesures pour r\u00e9instaurer un rapport de force face \u00e0 Trump.\n<\/p>\n<p>            <a href=\"https:\/\/www.lefigaro.fr\/vox\/monde\/pierre-lellouche-macron-reconnait-la-palestine-mais-le-monde-reconnait-il-encore-la-france-20250726\" class=\"fig-ranking-profile-link\" aria-label=\"Pierre Lellouche\u00a0: \u00abMacron reconna\u00eet la Palestine, mais le monde reconna\u00eet-il encore la France\u00a0?\u00bb (article Premium)\" title=\"Pierre Lellouche\u00a0: \u00abMacron reconna\u00eet la Palestine, mais le monde reconna\u00eet-il encore la France\u00a0?\u00bb (article Premium)\" data-fig-domain=\"LEFIGARO\" target=\"_blank\" rel=\"noopener\"><\/p>\n<p>        Pierre Lellouche\u00a0: \u00abMacron reconna\u00eet la Palestine, mais le monde reconna\u00eet-il encore la France\u00a0?\u00bb<\/p>\n<p>                                                <\/a><\/p>\n<p>        <img   class=\"fig-img fig-ranking-profile-media-small-picture__photo\" alt=\"Pierre Lellouche\u00a0: \u00abMacron reconna\u00eet la Palestine, mais le monde reconna\u00eet-il encore la France\u00a0?\u00bb\" height=\"1206\" width=\"2144\"\/><\/p>\n<p class=\"fig-ranking-profile-standfirst\">\n    <strong>TRIBUNE<\/strong> &#8211; En n\u2019exigeant d\u00e9sormais plus rien du Hamas, la reconnaissance macronienne est parfaitement inaudible en Isra\u00ebl. De plus, en ne demandant plus aux \u00c9tats Arabes une reconnaissance crois\u00e9e d\u2019Isra\u00ebl, l\u2019initiative macronienne ne fait qu\u2019isoler davantage Isra\u00ebl, tout en mena\u00e7ant la p\u00e9rennit\u00e9 des accords d\u2019Abraham.<\/p>\n","protected":false},"excerpt":{"rendered":"Renaud Girard\u00a0: \u00abLa capitulation \u00e9conomique de l\u2019UE face \u00e0 Trump\u00bb CHRONIQUE &#8211; En signant, dimanche, un accord avec&hellip;\n","protected":false},"author":2,"featured_media":284806,"comment_status":"","ping_status":"","sticky":false,"template":"","format":"standard","meta":{"footnotes":""},"categories":[1586],"tags":[11,75,8425,1777,674,1011,27,12,25],"class_list":{"0":"post-284805","1":"post","2":"type-post","3":"status-publish","4":"format-standard","5":"has-post-thumbnail","7":"category-europe","8":"tag-actualites","9":"tag-donald-trump","10":"tag-editorial-figaro","11":"tag-eu","12":"tag-europe","13":"tag-fr","14":"tag-france","15":"tag-news","16":"tag-republique-francaise"},"share_on_mastodon":{"url":"https:\/\/pubeurope.com\/@fr\/114943359967248755","error":""},"_links":{"self":[{"href":"https:\/\/www.europesays.com\/fr\/wp-json\/wp\/v2\/posts\/284805","targetHints":{"allow":["GET"]}}],"collection":[{"href":"https:\/\/www.europesays.com\/fr\/wp-json\/wp\/v2\/posts"}],"about":[{"href":"https:\/\/www.europesays.com\/fr\/wp-json\/wp\/v2\/types\/post"}],"author":[{"embeddable":true,"href":"https:\/\/www.europesays.com\/fr\/wp-json\/wp\/v2\/users\/2"}],"replies":[{"embeddable":true,"href":"https:\/\/www.europesays.com\/fr\/wp-json\/wp\/v2\/comments?post=284805"}],"version-history":[{"count":0,"href":"https:\/\/www.europesays.com\/fr\/wp-json\/wp\/v2\/posts\/284805\/revisions"}],"wp:featuredmedia":[{"embeddable":true,"href":"https:\/\/www.europesays.com\/fr\/wp-json\/wp\/v2\/media\/284806"}],"wp:attachment":[{"href":"https:\/\/www.europesays.com\/fr\/wp-json\/wp\/v2\/media?parent=284805"}],"wp:term":[{"taxonomy":"category","embeddable":true,"href":"https:\/\/www.europesays.com\/fr\/wp-json\/wp\/v2\/categories?post=284805"},{"taxonomy":"post_tag","embeddable":true,"href":"https:\/\/www.europesays.com\/fr\/wp-json\/wp\/v2\/tags?post=284805"}],"curies":[{"name":"wp","href":"https:\/\/api.w.org\/{rel}","templated":true}]}}