{"id":284807,"date":"2025-07-30T17:27:10","date_gmt":"2025-07-30T17:27:10","guid":{"rendered":"https:\/\/www.europesays.com\/fr\/284807\/"},"modified":"2025-07-30T17:27:10","modified_gmt":"2025-07-30T17:27:10","slug":"comment-ont-ils-eu-cette-cle-en-trois-minutes-12-000-e-de-bijoux-voles-dans-une-bijouterie-a-saint-brieuc","status":"publish","type":"post","link":"https:\/\/www.europesays.com\/fr\/284807\/","title":{"rendered":"\u00ab\u00a0Comment ont-ils eu cette cl\u00e9\u00a0?\u00a0\u00bb\u00a0: en trois minutes, 12\u00a0000\u00a0\u20ac de bijoux vol\u00e9s dans une bijouterie \u00e0 Saint-Brieuc"},"content":{"rendered":"<p>Mardi 22 juillet, il est 10\u00a0h\u00a010 rue Saint-Guillaume, et un homme rentre dans la bijouterie Le Chapelier pour essayer des montres. Une femme l\u2019accompagne et, pendant l\u2019essayage, elle ouvre gr\u00e2ce \u00e0 une cl\u00e9 une vitrine plus \u00e9loign\u00e9e pour y d\u00e9rober deux bagues. Trois minutes passent, et les deux sont d\u00e9j\u00e0 repartis avec plus de 12\u00a0000 euros d\u2019or et de diamant dans la poche. C\u2019est ainsi que la g\u00e9rante, qui a souhait\u00e9 garder son anonymat, d\u00e9crit les images de vid\u00e9osurveillance qu\u2019elle a consult\u00e9es.<\/p>\n<p>Du jamais vu pour la patronne<\/p>\n<p>Une question taraude la commer\u00e7ante\u00a0: \u00ab\u00a0Comment ont-ils eu cette cl\u00e9\u00a0?\u00a0\u00bb. Travaillant dans le magasin depuis 4 ans, c\u2019est le premier larcin qu\u2019elle subit, mais surtout la premi\u00e8re fois qu\u2019elle entend parler de voleurs munis de cl\u00e9s. Au vu de la rapidit\u00e9 et de la technicit\u00e9 de l\u2019acte, elle se dit persuad\u00e9e d\u2019avoir affaire \u00e0 \u00ab\u00a0des pros\u00a0\u00bb.<\/p>\n<p>La g\u00e9rante sait pourtant bien qu\u2019elle exerce un \u00ab\u00a0m\u00e9tier \u00e0 risque\u00a0\u00bb et s\u2019est toujours pr\u00e9par\u00e9e \u00e0 l\u2019\u00e9ventualit\u00e9 d\u2019un vol. Dans l\u2019imm\u00e9diat, elle esp\u00e8re pouvoir s\u2019en remettre \u00e0 son assurance, qui est pour l\u2019instant en cong\u00e9s\u00a0: \u00ab\u00a0Je ne sais pas encore \u00e0 quelle sauce je vais \u00eatre mang\u00e9e\u00a0\u00bb, s\u2019inqui\u00e8te-t-elle.<\/p>\n<p>En attendant, ses serrures ont \u00e9t\u00e9 chang\u00e9es, une plainte a \u00e9t\u00e9 d\u00e9pos\u00e9e et l\u2019\u00e9quipe du magasin souhaite redoubler de vigilance pour \u00e9viter toute r\u00e9cidive.<\/p>\n","protected":false},"excerpt":{"rendered":"Mardi 22 juillet, il est 10\u00a0h\u00a010 rue Saint-Guillaume, et un homme rentre dans la bijouterie Le Chapelier pour&hellip;\n","protected":false},"author":2,"featured_media":284808,"comment_status":"","ping_status":"","sticky":false,"template":"","format":"standard","meta":{"footnotes":""},"categories":[1586],"tags":[11,829,2171,765,1777,674,1779,118,1011,27,12,25,4937,1778,364],"class_list":{"0":"post-284807","1":"post","2":"type-post","3":"status-publish","4":"format-standard","5":"has-post-thumbnail","7":"category-europe","8":"tag-actualites","9":"tag-bretagne","10":"tag-cotes-darmor","11":"tag-en-continu","12":"tag-eu","13":"tag-europe","14":"tag-european-union","15":"tag-faits-divers","16":"tag-fr","17":"tag-france","18":"tag-news","19":"tag-republique-francaise","20":"tag-saint-brieuc","21":"tag-ue","22":"tag-union-europeenne"},"share_on_mastodon":{"url":"https:\/\/pubeurope.com\/@fr\/114943363921825567","error":""},"_links":{"self":[{"href":"https:\/\/www.europesays.com\/fr\/wp-json\/wp\/v2\/posts\/284807","targetHints":{"allow":["GET"]}}],"collection":[{"href":"https:\/\/www.europesays.com\/fr\/wp-json\/wp\/v2\/posts"}],"about":[{"href":"https:\/\/www.europesays.com\/fr\/wp-json\/wp\/v2\/types\/post"}],"author":[{"embeddable":true,"href":"https:\/\/www.europesays.com\/fr\/wp-json\/wp\/v2\/users\/2"}],"replies":[{"embeddable":true,"href":"https:\/\/www.europesays.com\/fr\/wp-json\/wp\/v2\/comments?post=284807"}],"version-history":[{"count":0,"href":"https:\/\/www.europesays.com\/fr\/wp-json\/wp\/v2\/posts\/284807\/revisions"}],"wp:featuredmedia":[{"embeddable":true,"href":"https:\/\/www.europesays.com\/fr\/wp-json\/wp\/v2\/media\/284808"}],"wp:attachment":[{"href":"https:\/\/www.europesays.com\/fr\/wp-json\/wp\/v2\/media?parent=284807"}],"wp:term":[{"taxonomy":"category","embeddable":true,"href":"https:\/\/www.europesays.com\/fr\/wp-json\/wp\/v2\/categories?post=284807"},{"taxonomy":"post_tag","embeddable":true,"href":"https:\/\/www.europesays.com\/fr\/wp-json\/wp\/v2\/tags?post=284807"}],"curies":[{"name":"wp","href":"https:\/\/api.w.org\/{rel}","templated":true}]}}