{"id":284809,"date":"2025-07-30T17:28:11","date_gmt":"2025-07-30T17:28:11","guid":{"rendered":"https:\/\/www.europesays.com\/fr\/284809\/"},"modified":"2025-07-30T17:28:11","modified_gmt":"2025-07-30T17:28:11","slug":"ce-que-contiennent-vraiment-les-attestations-en-faveur-de-rachida-dati","status":"publish","type":"post","link":"https:\/\/www.europesays.com\/fr\/284809\/","title":{"rendered":"ce que contiennent vraiment les attestations en faveur de Rachida Dati"},"content":{"rendered":"<p><strong>INFO LE FIGARO &#8211;<\/strong> Le Figaro a pu consulter ces documents dont certains ont \u00e9t\u00e9 joints au dossier, alors que les juges ont refus\u00e9 d\u2019entendre leurs auteurs.<\/p>\n<p class=\"fig-paragraph\">Renvoy\u00e9e en correctionnelle pour corruption, trafic d\u2019influence, recel d\u2019abus de pouvoirs et d\u2019abus de confiance dans le cadre de l\u2019affaire Renault-Nissan,\u00a0<a href=\"http:\/\/www.lefigaro.fr\/politique\/rachida-dati-renvoyee-en-proces-pour-francois-bayrou-le-respect-de-l-institution-judiciaire-doit-etre-un-devoir-d-etat-20250724\" target=\"_blank\" data-fig-type=\"NewsFlash\" rel=\"noopener\" data-gtm-custom-categorie=\"navigation\" data-gtm-custom-action=\"crossclick\" data-gtm-custom-label=\"Contextuel\" data-gtm-event=\"customEventSPE\" data-fig-domain=\"LEFIGARO\">Rachida Dati\u00a0<\/a>conteste avoir b\u00e9n\u00e9fici\u00e9 d\u2019un emploi fictif en tant qu\u2019avocate moyennant 900.000 \u20ac d\u2019honoraires sur trois ans, de 2010 \u00e0 2012.<\/p>\n<p class=\"fig-paragraph\">Le Figaro a pu consulter\u00a0<a href=\"http:\/\/www.lefigaro.fr\/actualite-france\/renault-nissan-ce-que-contiennent-vraiment-les-attestations-en-faveur-de-rachida-dati-20250730\" target=\"_blank\" data-fig-type=\"Article\" rel=\"noopener\" data-gtm-custom-categorie=\"navigation\" data-gtm-custom-action=\"crossclick\" data-gtm-custom-label=\"Contextuel\" data-gtm-event=\"customEventSPE\" data-fig-domain=\"LEFIGARO\">l\u2019int\u00e9gralit\u00e9 des attestations dont la ministre de la Culture<\/a>\u00a0a r\u00e9v\u00e9l\u00e9 l\u2019existence la semaine derni\u00e8re. Plusieurs personnalit\u00e9s y confirment que Mme Dati, magistrate de formation, forte d\u2019un \u00e9pais carnet d\u2019adresses et d\u2019un entregent cons\u00e9quent, est intervenue en faveur du constructeur automobile au Maroc, en Alg\u00e9rie, en Turquie et en Iran, \u00e0 la demande de son dirigeant d\u2019alors,\u00a0<a href=\"http:\/\/www.lefigaro.fr\/actualite-france\/rachida-dati-et-carlos-ghosn-renvoyes-en-proces-pour-corruption-et-trafic-d-influence-20250722\" target=\"_blank\" data-fig-type=\"NewsFlash\" rel=\"noopener\" data-gtm-custom-categorie=\"navigation\" data-gtm-custom-action=\"crossclick\" data-gtm-custom-label=\"Contextuel\" data-gtm-event=\"customEventSPE\" data-fig-domain=\"LEFIGARO\">Carlos Ghosn<\/a>. Des auditions, avancent les avocats de la ministre, avaient \u00e9t\u00e9 demand\u00e9es aux juges d\u2019instruction mais ceux-ci ont syst\u00e9matiquement r\u00e9pondu par la n\u00e9gative.<\/p>\n<p class=\"fig-paragraph\">Nullement \u00e9branl\u00e9s par les feuillets qui leur ont \u00e9t\u00e9 transmis, les magistrats estiment dans leur ordonnance de renvoi qu\u2019aucun \u00abn\u2019apporte\u2026<\/p>\n<p class=\"fig-premium-paywall__infos\">\n        Cet article est r\u00e9serv\u00e9 aux abonn\u00e9s.        Il vous reste 84% \u00e0 d\u00e9couvrir.\n    <\/p>\n<p>                <img  data- alt=\"Le Figaro\" class=\"fig-img--complete fig-img\"\/><\/p>\n<p class=\"fig-premium-paywall__title\">Vous avez envie de lire la suite ?<\/p>\n<p class=\"fig-premium-paywall__subtitle\">D\u00e9bloquez tous les articles imm\u00e9diatement.<\/p>\n<p class=\"fig-premium-paywall__connect\">\n                D\u00e9j\u00e0 abonn\u00e9\u00a0?                <a class=\"fig-premium-paywall__connect-link\" href=\"https:\/\/connect.lefigaro.fr\/login?client=horizon_web&amp;type=main&amp;redirect_uri=https%3A%2F%2Fwww.lefigaro.fr%2Factualite-france%2Frenault-nissan-ce-que-contiennent-vraiment-les-attestations-en-faveur-de-rachida-dati-20250730\" data-js-gtm=\"{&quot;customCategorie&quot;: &quot;conversion&quot;, &quot;customAction&quot;: &quot;before_Landing_Connexion_paywall_auto&quot;, &quot;customLabel&quot;: &quot;bGVmaWdhcm8uZnJfXzFmMDZjODU1LTI4YjMtNmQ2YS1hYTA0LWYzNTk3NWI3ZWI2Zl9fQXJ0aWNsZQ==_Renault-Nissan\u00a0: ce que contiennent vraiment les attestations en faveur de Rachida Dati_129&quot;, &quot;customIDSPE&quot;: &quot;bGVmaWdhcm8uZnJfXzFmMDZjODU1LTI4YjMtNmQ2YS1hYTA0LWYzNTk3NWI3ZWI2Zl9fQXJ0aWNsZQ==&quot;, &quot;event&quot;: &quot;customEventSPE&quot;}\" target=\"_blank\" rel=\"noopener\"><br \/>\n                    Connectez-vous<br \/>\n                <\/a>\n            <\/p>\n","protected":false},"excerpt":{"rendered":"INFO LE FIGARO &#8211; Le Figaro a pu consulter ces documents dont certains ont \u00e9t\u00e9 joints au dossier,&hellip;\n","protected":false},"author":2,"featured_media":284810,"comment_status":"","ping_status":"","sticky":false,"template":"","format":"standard","meta":{"footnotes":""},"categories":[2],"tags":[11,15328,1770,1011,27,12,417,10651,25],"class_list":{"0":"post-284809","1":"post","2":"type-post","3":"status-publish","4":"format-standard","5":"has-post-thumbnail","7":"category-actualites","8":"tag-actualites","9":"tag-carlos-ghosn","10":"tag-corruption","11":"tag-fr","12":"tag-france","13":"tag-news","14":"tag-rachida-dati","15":"tag-renault","16":"tag-republique-francaise"},"share_on_mastodon":{"url":"https:\/\/pubeurope.com\/@fr\/114943367783286691","error":""},"_links":{"self":[{"href":"https:\/\/www.europesays.com\/fr\/wp-json\/wp\/v2\/posts\/284809","targetHints":{"allow":["GET"]}}],"collection":[{"href":"https:\/\/www.europesays.com\/fr\/wp-json\/wp\/v2\/posts"}],"about":[{"href":"https:\/\/www.europesays.com\/fr\/wp-json\/wp\/v2\/types\/post"}],"author":[{"embeddable":true,"href":"https:\/\/www.europesays.com\/fr\/wp-json\/wp\/v2\/users\/2"}],"replies":[{"embeddable":true,"href":"https:\/\/www.europesays.com\/fr\/wp-json\/wp\/v2\/comments?post=284809"}],"version-history":[{"count":0,"href":"https:\/\/www.europesays.com\/fr\/wp-json\/wp\/v2\/posts\/284809\/revisions"}],"wp:featuredmedia":[{"embeddable":true,"href":"https:\/\/www.europesays.com\/fr\/wp-json\/wp\/v2\/media\/284810"}],"wp:attachment":[{"href":"https:\/\/www.europesays.com\/fr\/wp-json\/wp\/v2\/media?parent=284809"}],"wp:term":[{"taxonomy":"category","embeddable":true,"href":"https:\/\/www.europesays.com\/fr\/wp-json\/wp\/v2\/categories?post=284809"},{"taxonomy":"post_tag","embeddable":true,"href":"https:\/\/www.europesays.com\/fr\/wp-json\/wp\/v2\/tags?post=284809"}],"curies":[{"name":"wp","href":"https:\/\/api.w.org\/{rel}","templated":true}]}}