{"id":284813,"date":"2025-07-30T17:30:12","date_gmt":"2025-07-30T17:30:12","guid":{"rendered":"https:\/\/www.europesays.com\/fr\/284813\/"},"modified":"2025-07-30T17:30:12","modified_gmt":"2025-07-30T17:30:12","slug":"la-terre-a-aussi-tremble-en-france-ces-dernieres-heures","status":"publish","type":"post","link":"https:\/\/www.europesays.com\/fr\/284813\/","title":{"rendered":"la terre a aussi trembl\u00e9 en France ces derni\u00e8res heures"},"content":{"rendered":"<p>Alors qu&rsquo;un puissant <a href=\"https:\/\/www.ledauphine.com\/environnement\/2025\/07\/30\/plusieurs-alertes-au-tsunami-dans-tout-le-pacifique-des-milliers-d-evacuations-en-cours\" target=\"_blank\" rel=\"nofollow noopener\">s\u00e9isme de magnitude 8,8<\/a> a frapp\u00e9 mercredi matin au large des c\u00f4tes russes, d\u00e9clenchant de <a href=\"https:\/\/www.ledauphine.com\/environnement\/2025\/07\/30\/tsunamis-dans-le-pacifique-il-peut-y-en-avoir-presque-partout-dans-le-monde\" target=\"_blank\" rel=\"nofollow noopener\">nombreuses alertes au tsunami sur le Pacifique<\/a>, la terre a aussi trembl\u00e9 ces derni\u00e8res heures en France. Mardi \u00e0 12 h 53, un tremblement de terre de magnitude 3,3 s&rsquo;est produit pr\u00e8s de Quimper (Finist\u00e8re). Il a \u00e9t\u00e9 suivi quelques heures plus tard, \u00e0 18 h 24, d&rsquo;un s\u00e9isme de magnitude 3,1 \u00e0 La Brigue, pr\u00e8s de Nice (Alpes-Maritimes), indique le <a href=\"https:\/\/renass.unistra.fr\/fr\/zones\/france\/\" target=\"_blank\" rel=\"nofollow noopener\">R\u00e9seau national de surveillance sismique<\/a> (Renass). Les deux ont \u00e9t\u00e9 suivis de plusieurs r\u00e9pliques de moindre intensit\u00e9.<\/p>\n<p>Dans la nuit de mardi \u00e0 mercredi, un tremblement de terre de magnitude 2,2 a \u00e9galement \u00e9t\u00e9 ressenti pr\u00e8s de Lorient (Morbihan).<\/p>\n<p>\u00ab Je pense qu&rsquo;un morceau du toit s&rsquo;\u00e9tait effondr\u00e9\u00a0\u00bb<\/p>\n<p>\u00a0Les s\u00e9ismes de magnitude inf\u00e9rieurs \u00e0 4 sont g\u00e9n\u00e9ralement peu ressentis par les habitants. Certains ont toutefois fait part de leur \u00e9tonnement. \u00ab J&rsquo;ai paniqu\u00e9, je pensais qu&rsquo;un morceau du toit s&rsquo;\u00e9tait effondr\u00e9\u00a0\u00bb, commente une habitante sur Facebook, alors que la municipalit\u00e9 de La Brigue a alert\u00e9 sur le s\u00e9isme. \u00ab Effectivement, une grosse d\u00e9tonation et j&rsquo;ai senti la d\u00e9flagration dans l&rsquo;appart\u00a0\u00bb, t\u00e9moigne un autre quand une habitante rapporte avoir \u00ab vu le balcon en bois trembler\u00a0\u00bb.<\/p>\n<p>Ce contenu est bloqu\u00e9 car vous n&rsquo;avez pas accept\u00e9 les cookies et autres traceurs.<\/p>\n<p>En cliquant sur \u00ab J\u2019accepte \u00bb, les cookies et autres traceurs seront d\u00e9pos\u00e9s et vous pourrez visualiser les contenus  (<a href=\"\" class=\"consentModule_policy\" target=\"_blank\" title=\"Consulter la politique de protection des donn\u00e9es du fournisseur\">plus d&rsquo;informations<\/a>).<\/p>\n<p>En cliquant sur \u00ab J\u2019accepte tous les cookies \u00bb, vous autorisez des d\u00e9p\u00f4ts de cookies et autres traceurs pour le stockage de vos donn\u00e9es sur nos sites et applications \u00e0 des fins de personnalisation et de ciblage publicitaire.<\/p>\n<p class=\"consentModule_secondaryText\">Vous gardez la possibilit\u00e9 de retirer votre consentement \u00e0 tout moment en consultant notre <a href=\"https:\/\/www.ledauphine.com\/protection-des-donnees\" target=\"_blank\" title=\"Consulter notre politique de protection des donn\u00e9es\" rel=\"nofollow noopener\">politique de protection des donn\u00e9es<\/a>. <br \/>&#13;<br \/>\n            <a href=\"https:\/\/www.ledauphine.com\/environnement\/2025\/07\/30\/javascript:Didomi.notice.show()\" class=\"consentModule_cmp\" rel=\"nofollow noopener\" target=\"_blank\">G\u00e9rer mes choix<\/a>&#13;\n        <\/p>\n<p>&#13;<br \/>\n                        J&rsquo;accepte&#13;<br \/>\n            J&rsquo;accepte tous les cookies&#13;\n        <\/p>\n<p>M\u00eame constat en Bretagne. \u00ab Entendu \u00e0 Quimper, j&rsquo;\u00e9tais avec mes chiens dans les parcs et j&rsquo;ai cru que c&rsquo;\u00e9tait l&rsquo;orage\u00a0\u00bb\u00a0; \u00ab ressenti \u00e0 Lorient, \u00e7a vibrait sous mes pieds quelques secondes, mais je n&rsquo;ai pas pens\u00e9 \u00e0 un tremblement de terre, c&rsquo;\u00e9tait l\u00e9ger\u00a0\u00bb, peut-on notamment lire sur les r\u00e9seaux sociaux.<\/p>\n<p>Plus de 4 000 s\u00e9ismes sont enregistr\u00e9es chaque ann\u00e9e en France, selon le r\u00e9seau sismologique Epos-France. Ils sont g\u00e9n\u00e9ralement de faible magnitude. Entre 1962 et 2020, seuls 36 s\u00e9ismes pr\u00e9sentaient une magnitude sup\u00e9rieure \u00e0 4, soit 0,1 % des s\u00e9ismes, selon des <a href=\"https:\/\/www.statistiques.developpement-durable.gouv.fr\/edition-numerique\/chiffres-cles-risques-naturels\/donnees-cles\" target=\"_blank\" rel=\"nofollow noopener\">donn\u00e9es<\/a> partag\u00e9es par le minist\u00e8re de la Transition \u00e9cologique.<\/p>\n","protected":false},"excerpt":{"rendered":"Alors qu&rsquo;un puissant s\u00e9isme de magnitude 8,8 a frapp\u00e9 mercredi matin au large des c\u00f4tes russes, d\u00e9clenchant de&hellip;\n","protected":false},"author":2,"featured_media":284814,"comment_status":"","ping_status":"","sticky":false,"template":"","format":"standard","meta":{"footnotes":""},"categories":[4],"tags":[11,436,107,1011,27,329,12,25],"class_list":{"0":"post-284813","1":"post","2":"type-post","3":"status-publish","4":"format-standard","5":"has-post-thumbnail","7":"category-france","8":"tag-actualites","9":"tag-environnement","10":"tag-fil-info","11":"tag-fr","12":"tag-france","13":"tag-france-monde","14":"tag-news","15":"tag-republique-francaise"},"share_on_mastodon":{"url":"https:\/\/pubeurope.com\/@fr\/114943375720317679","error":""},"_links":{"self":[{"href":"https:\/\/www.europesays.com\/fr\/wp-json\/wp\/v2\/posts\/284813","targetHints":{"allow":["GET"]}}],"collection":[{"href":"https:\/\/www.europesays.com\/fr\/wp-json\/wp\/v2\/posts"}],"about":[{"href":"https:\/\/www.europesays.com\/fr\/wp-json\/wp\/v2\/types\/post"}],"author":[{"embeddable":true,"href":"https:\/\/www.europesays.com\/fr\/wp-json\/wp\/v2\/users\/2"}],"replies":[{"embeddable":true,"href":"https:\/\/www.europesays.com\/fr\/wp-json\/wp\/v2\/comments?post=284813"}],"version-history":[{"count":0,"href":"https:\/\/www.europesays.com\/fr\/wp-json\/wp\/v2\/posts\/284813\/revisions"}],"wp:featuredmedia":[{"embeddable":true,"href":"https:\/\/www.europesays.com\/fr\/wp-json\/wp\/v2\/media\/284814"}],"wp:attachment":[{"href":"https:\/\/www.europesays.com\/fr\/wp-json\/wp\/v2\/media?parent=284813"}],"wp:term":[{"taxonomy":"category","embeddable":true,"href":"https:\/\/www.europesays.com\/fr\/wp-json\/wp\/v2\/categories?post=284813"},{"taxonomy":"post_tag","embeddable":true,"href":"https:\/\/www.europesays.com\/fr\/wp-json\/wp\/v2\/tags?post=284813"}],"curies":[{"name":"wp","href":"https:\/\/api.w.org\/{rel}","templated":true}]}}