{"id":284818,"date":"2025-07-30T17:33:15","date_gmt":"2025-07-30T17:33:15","guid":{"rendered":"https:\/\/www.europesays.com\/fr\/284818\/"},"modified":"2025-07-30T17:33:15","modified_gmt":"2025-07-30T17:33:15","slug":"top-14-antoine-dupont-plus-pret-que-jamais","status":"publish","type":"post","link":"https:\/\/www.europesays.com\/fr\/284818\/","title":{"rendered":"Top 14 \u2013 Antoine Dupont plus pr\u00eat que jamais\u00a0?"},"content":{"rendered":"<p>\n                Alors qu\u2019Antoine Dupont entame son cinqui\u00e8me mois de convalescence, et qu\u2019on l\u2019a davantage vu sur les tapis rouges que dans une salle d\u2019entra\u00eenement ces derniers temps, le Stade Toulousain vient de publier une vid\u00e9o rappelant que son capitaine n\u2019a pas oubli\u00e9 ce que tout le monde attend de lui.\n            <\/p>\n<p data-pm-slice=\"1 1 []\">Cinq mois apr\u00e8s sa rupture des ligaments crois\u00e9s du genou droit, Antoine Dupont a, r\u00e9cemment, beaucoup fait parler de lui, mais pas forc\u00e9ment pour sa r\u00e9\u00e9ducation. <strong><a href=\"https:\/\/www.rugbyrama.fr\/2025\/03\/08\/6-nations-2025-antoine-dupont-france-sort-blesse-contre-lirlande-gros-coup-dur-pour-les-bleus-12557878.php\" target=\"_self\" rel=\"nofollow noopener\">Absent des terrains depuis ce fameux match contre l\u2019Irlande lors du dernier Tournoi des Six Nations,<\/a><\/strong> le capitaine du Stade toulousain et de l\u2019\u00e9quipe de France est tr\u00e8s attendu pour son retour en d\u00e9but de saison prochaine. Ce 30 juillet, le Stade Toulousain a publi\u00e9 une vid\u00e9o sur son compte Instagram montrant le meilleur joueur du monde 2021 en pleine r\u00e9\u00e9ducation \u00e0 la salle de sport.<\/p>\n<blockquote data-instgrm-captioned=\"\" data-instgrm-permalink=\"https:\/\/www.instagram.com\/reel\/DMugxW0iurD\/?utm_source=ig_embed&amp;utm_campaign=loading\" data-instgrm-version=\"14\" style=\" background:#FFF; border:0; border-radius:3px; box-shadow:0 0 1px 0 rgba(0,0,0,0.5),0 1px 10px 0 rgba(0,0,0,0.15); margin: 1px; max-width:540px; min-width:326px; padding:0; width:99.375%; width:-webkit-calc(100% - 2px); width:calc(100% - 2px);\" data-class=\"instagram-media\"\/>\n<p>Retour \u00e0 son meilleur niveau\u00a0?<\/p>\n<p>Alors que son \u00e9quipe reprendra l\u2019entra\u00eenement collectif dans une dizaine de jours, Antoine Dupont, lui, est d\u00e9j\u00e0 au travail. Il consolide son genou et se pr\u00e9pare activement pour revenir au plus haut niveau. Mais dans quel \u00e9tat peut-on r\u00e9ellement esp\u00e9rer le revoir ? Certains affirment que son prime est derri\u00e8re lui. De son c\u00f4t\u00e9, Dupont pr\u00e9f\u00e8re attendre de voir comment son corps r\u00e9agit. Une chose est s\u00fbre : au vu des images, le capitaine des champions de France en titre ne fait pas semblant. Il est bel et bien de retour au charbon. On a beau le critiquer, il ne nous fait jamais autant plaisir que lorsqu\u2019on le voit toujours plus proche d\u2019un retour sur les pelouses.<\/p>\n<p>                    <script async src=\"\/\/www.instagram.com\/embed.js\"><\/script><\/p>\n","protected":false},"excerpt":{"rendered":"Alors qu\u2019Antoine Dupont entame son cinqui\u00e8me mois de convalescence, et qu\u2019on l\u2019a davantage vu sur les tapis rouges&hellip;\n","protected":false},"author":2,"featured_media":284819,"comment_status":"","ping_status":"","sticky":false,"template":"","format":"standard","meta":{"footnotes":""},"categories":[1416],"tags":[1011,27,479,1468,60],"class_list":{"0":"post-284818","1":"post","2":"type-post","3":"status-publish","4":"format-standard","5":"has-post-thumbnail","7":"category-rugby","8":"tag-fr","9":"tag-france","10":"tag-rugby","11":"tag-rugby-football","12":"tag-sports"},"share_on_mastodon":{"url":"https:\/\/pubeurope.com\/@fr\/114943387614805178","error":""},"_links":{"self":[{"href":"https:\/\/www.europesays.com\/fr\/wp-json\/wp\/v2\/posts\/284818","targetHints":{"allow":["GET"]}}],"collection":[{"href":"https:\/\/www.europesays.com\/fr\/wp-json\/wp\/v2\/posts"}],"about":[{"href":"https:\/\/www.europesays.com\/fr\/wp-json\/wp\/v2\/types\/post"}],"author":[{"embeddable":true,"href":"https:\/\/www.europesays.com\/fr\/wp-json\/wp\/v2\/users\/2"}],"replies":[{"embeddable":true,"href":"https:\/\/www.europesays.com\/fr\/wp-json\/wp\/v2\/comments?post=284818"}],"version-history":[{"count":0,"href":"https:\/\/www.europesays.com\/fr\/wp-json\/wp\/v2\/posts\/284818\/revisions"}],"wp:featuredmedia":[{"embeddable":true,"href":"https:\/\/www.europesays.com\/fr\/wp-json\/wp\/v2\/media\/284819"}],"wp:attachment":[{"href":"https:\/\/www.europesays.com\/fr\/wp-json\/wp\/v2\/media?parent=284818"}],"wp:term":[{"taxonomy":"category","embeddable":true,"href":"https:\/\/www.europesays.com\/fr\/wp-json\/wp\/v2\/categories?post=284818"},{"taxonomy":"post_tag","embeddable":true,"href":"https:\/\/www.europesays.com\/fr\/wp-json\/wp\/v2\/tags?post=284818"}],"curies":[{"name":"wp","href":"https:\/\/api.w.org\/{rel}","templated":true}]}}