{"id":284820,"date":"2025-07-30T17:34:10","date_gmt":"2025-07-30T17:34:10","guid":{"rendered":"https:\/\/www.europesays.com\/fr\/284820\/"},"modified":"2025-07-30T17:34:10","modified_gmt":"2025-07-30T17:34:10","slug":"matchs-gratuits-courts-accessibles-le-roland-garros-tennis-club-revient-en-aout","status":"publish","type":"post","link":"https:\/\/www.europesays.com\/fr\/284820\/","title":{"rendered":"Matchs gratuits, courts accessibles\u00a0: le Roland-Garros Tennis Club revient en ao\u00fbt"},"content":{"rendered":"<p>Qui a dit que Roland-Garros s\u2019arr\u00eatait en juin\u00a0? Cet \u00e9t\u00e9, le<strong> l\u00e9gendaire stade parisien <\/strong>remet le couvert avec le <a href=\"https:\/\/www.lebonbon.fr\/paris\/loisirs\/fan-zone-gratuite-regarder-roland-garros-direct-installee-place-concorde\/\" rel=\"nofollow noopener\" target=\"_blank\"><b>Roland-Garros Tennis Club<\/b><\/a>, un \u00e9v\u00e9nement gratuit, ouvert \u00e0 toutes et tous, et riche en challenges. Du 18 au 29 ao\u00fbt, la terre battue reprend vie pour accueillir la deuxi\u00e8me session des <b>Championnats de France de tennis et de tennis-fauteuil<\/b>, dans une ambiance bien plus d\u00e9tendue mais tout aussi passionnante que celle du Grand Chelem.<\/p>\n<p>&#13;<\/p>\n<p>Pens\u00e9 comme un<strong> grand rendez-vous inclusif<\/strong>, ce nouvel \u00e9v\u00e9nement organis\u00e9 par la F\u00e9d\u00e9ration Fran\u00e7aise de Tennis transforme Roland-Garros en un v\u00e9ritable terrain de jeu populaire. <strong>Matchs de haut niveau, animations sportives, restauration en continu <\/strong>et m\u00eame possibilit\u00e9 de <strong>jouer sur les courts annexes <\/strong>: tout est r\u00e9uni pour vivre une exp\u00e9rience tennis \u00e0 360\u00b0, au c\u0153ur de l\u2019un des plus beaux sites du sport fran\u00e7ais.<\/p>\n<p>&#13;<\/p>\n<blockquote class=\"instagram-media\" data-instgrm-permalink=\"https:\/\/www.instagram.com\/p\/DLICMyGqR6Z\/?utm_source=ig_embed&amp;utm_campaign=loading\" data-instgrm-version=\"14\" style=\"background: #FFF; border: 0; border-radius: 3px; box-shadow: 0 0 1px 0 rgba(0,0,0,0.5),0 1px 10px 0 rgba(0,0,0,0.15); margin: 1px; max-width: 540px; min-width: 326px; padding: 0; width: calc(100% - 2px);\"><p>&#13;<br \/>\n&#13;\n<\/p><\/blockquote>\n<p>&#13;<br \/>\n&#13;<br \/>\n<b><br \/>Une comp\u00e9tition pour d\u00e9couvrir les talents de demain<\/b><b\/>&#13;<\/p>\n<p>Sur les courts, place aux choses s\u00e9rieuses. Cette deuxi\u00e8me session du Roland-Garros Tennis Club accueille les <a href=\"https:\/\/www.fft.fr\/actualites\/roland-garros-tennis-club-2025-championnats-de-france-stade-competition-animations-billetterie\" rel=\"nofollow noopener\" target=\"_blank\"><b>phases finales des Championnats de France<\/b><\/a>, une comp\u00e9tition d\u2019envergure qui voit s\u2019affronter les meilleurs joueurs et joueuses issu\u00b7es des phases r\u00e9gionales et d\u00e9partementales. Au programme\u00a0: 17 cat\u00e9gories diff\u00e9rentes pour le<strong> tennis classique<\/strong> et 8 pour le <strong>tennis-fauteuil<\/strong>, une grande premi\u00e8re cette ann\u00e9e. De quoi admirer la rel\u00e8ve du tennis fran\u00e7ais dans un cadre exceptionnel.<\/p>\n<p>&#13;<\/p>\n<p><strong>Gratuit<\/strong> et <strong>en acc\u00e8s libre<\/strong> sur simple r\u00e9servation, l\u2019\u00e9v\u00e9nement permet aussi de c\u00f4toyer de pr\u00e8s les futurs grands noms du circuit. Apr\u00e8s <strong>Richard Gasquet, Marion Bartoli <\/strong>ou encore <strong>Aliz\u00e9e Cornet<\/strong>, tous\u00b7tes pass\u00e9\u00b7es par ce tournoi, qui seront les champion\u00b7nes de demain\u00a0? Pour ne rien manquer, certaines finales seront retransmises en direct sur la <a href=\"https:\/\/www.youtube.com\/channel\/UC39Hz9mYEphqpVvaoJjX8AQ\" rel=\"nofollow noopener\" target=\"_blank\"><strong>cha\u00eene YouTube de la FFT<\/strong><\/a>, et l\u2019ensemble de la comp\u00e9tition sera \u00e0 suivre sur ses r\u00e9seaux sociaux.<\/p>\n<p>&#13;<\/p>\n<blockquote class=\"instagram-media\" data-instgrm-permalink=\"https:\/\/www.instagram.com\/p\/DL3BNnTKmOl\/?utm_source=ig_embed&amp;utm_campaign=loading\" data-instgrm-version=\"14\" style=\"background: #FFF; border: 0; border-radius: 3px; box-shadow: 0 0 1px 0 rgba(0,0,0,0.5),0 1px 10px 0 rgba(0,0,0,0.15); margin: 1px; max-width: 540px; min-width: 326px; padding: 0; width: calc(100% - 2px);\"><p>&#13;<br \/>\n&#13;\n<\/p><\/blockquote>\n<p>&#13;<br \/>\n&#13;<br \/>\n<b><br \/>Du sport, des animations et une ambiance ce folie<\/b><b\/>&#13;<\/p>\n<p>Mais le Roland-Garros Tennis Club, ce n\u2019est pas qu\u2019un tournoi, c\u2019est aussi un \u00e9v\u00e9nement auquel prendre part pour <b>partager et diffuser l\u2019amour du tennis<\/b>. En marge des matchs, des <strong>animations gratuites <\/strong>sont propos\u00e9es tous les jours pour petits et grands, entre <strong>urban tennis<\/strong>, <strong>d\u00e9fi face au mur<\/strong>, <strong>cours avec des profesionnel\u00b7les, p\u00e9tanque<\/strong>,<strong> m\u00f6lkky<\/strong>, mais aussi, vacances obligent, des <strong>chaises longues<\/strong> pour chiller, tout simplement.\u00a0<\/p>\n<p>&#13;<\/p>\n<p>Et, <a href=\"https:\/\/www.lebonbon.fr\/paris\/bons-plans\/roland-garros-ouverts-gratuitement-public-ete\/\" rel=\"nofollow noopener\" target=\"_blank\"><strong>comme\u00a0nous vous l&rsquo;annoncions r\u00e9cemment<\/strong><\/a>,\u00a0vous pouvez m\u00eame <b>jouer vous-m\u00eames sur les courts<\/b>\u00a0pour compl\u00e9ter l&rsquo;exp\u00e9rience\u00a0! Gr\u00e2ce \u00e0 l\u2019<a href=\"https:\/\/tenup.fft.fr\" rel=\"nofollow noopener\" target=\"_blank\"><strong>application Ten\u2019Up<\/strong><\/a>, il est possible de<strong> r\u00e9server gratuitement un cr\u00e9neau<\/strong> (mis en ligne la veille, en fin de journ\u00e9e, pour le lendemain uniquement) afin de fouler les courts annexes et taper quelques balles entre ami\u00b7es ou en famille. Un petit creux\u00a0? Filez reprendre des forces aux <strong>stands gourmands<\/strong>, disponibles de 11h \u00e0 22h. Pour acc\u00e9der au site, direction la Porte 25 du stade, au croisement du boulevard d\u2019Auteuil et de la rue des Arts. Pour le reste,<strong> \u00e0 vous de jouer<\/strong>\u00a0!\u00a0<\/p>\n<p>&#13;<\/p>\n<blockquote class=\"instagram-media\" data-instgrm-permalink=\"https:\/\/www.instagram.com\/p\/DMX2e3NowH-\/?utm_source=ig_embed&amp;utm_campaign=loading\" data-instgrm-version=\"14\" style=\"background: #FFF; border: 0; border-radius: 3px; box-shadow: 0 0 1px 0 rgba(0,0,0,0.5),0 1px 10px 0 rgba(0,0,0,0.15); margin: 1px; max-width: 540px; min-width: 326px; padding: 0; width: calc(100% - 2px);\"><p>&#13;<br \/>\n&#13;\n<\/p><\/blockquote>\n<p>&#13;<br \/>\n&#13;<\/p>\n<p><b>Roland-Garros Tennis Club<br \/>2, avenue Gordon-Bennett \u2013 16e<br \/><\/b><b>Du 18 ao\u00fbt au 29 ao\u00fbt 2025<br \/><\/b><b>Gratuit<br \/><\/b><a href=\"https:\/\/stade.rolandgarros.com\/\" rel=\"nofollow noopener noreferrer\" target=\"_blank\"><b>Plus d\u2019infos<\/b><\/a><\/p>\n<p><script async src=\"\/\/www.instagram.com\/embed.js\"><\/script><\/p>\n","protected":false},"excerpt":{"rendered":"Qui a dit que Roland-Garros s\u2019arr\u00eatait en juin\u00a0? Cet \u00e9t\u00e9, le l\u00e9gendaire stade parisien remet le couvert avec&hellip;\n","protected":false},"author":2,"featured_media":284821,"comment_status":"","ping_status":"","sticky":false,"template":"","format":"standard","meta":{"footnotes":""},"categories":[1415],"tags":[1011,27,60,1467],"class_list":{"0":"post-284820","1":"post","2":"type-post","3":"status-publish","4":"format-standard","5":"has-post-thumbnail","7":"category-tennis","8":"tag-fr","9":"tag-france","10":"tag-sports","11":"tag-tennis"},"share_on_mastodon":{"url":"https:\/\/pubeurope.com\/@fr\/114943391328503731","error":""},"_links":{"self":[{"href":"https:\/\/www.europesays.com\/fr\/wp-json\/wp\/v2\/posts\/284820","targetHints":{"allow":["GET"]}}],"collection":[{"href":"https:\/\/www.europesays.com\/fr\/wp-json\/wp\/v2\/posts"}],"about":[{"href":"https:\/\/www.europesays.com\/fr\/wp-json\/wp\/v2\/types\/post"}],"author":[{"embeddable":true,"href":"https:\/\/www.europesays.com\/fr\/wp-json\/wp\/v2\/users\/2"}],"replies":[{"embeddable":true,"href":"https:\/\/www.europesays.com\/fr\/wp-json\/wp\/v2\/comments?post=284820"}],"version-history":[{"count":0,"href":"https:\/\/www.europesays.com\/fr\/wp-json\/wp\/v2\/posts\/284820\/revisions"}],"wp:featuredmedia":[{"embeddable":true,"href":"https:\/\/www.europesays.com\/fr\/wp-json\/wp\/v2\/media\/284821"}],"wp:attachment":[{"href":"https:\/\/www.europesays.com\/fr\/wp-json\/wp\/v2\/media?parent=284820"}],"wp:term":[{"taxonomy":"category","embeddable":true,"href":"https:\/\/www.europesays.com\/fr\/wp-json\/wp\/v2\/categories?post=284820"},{"taxonomy":"post_tag","embeddable":true,"href":"https:\/\/www.europesays.com\/fr\/wp-json\/wp\/v2\/tags?post=284820"}],"curies":[{"name":"wp","href":"https:\/\/api.w.org\/{rel}","templated":true}]}}