{"id":284822,"date":"2025-07-30T17:36:16","date_gmt":"2025-07-30T17:36:16","guid":{"rendered":"https:\/\/www.europesays.com\/fr\/284822\/"},"modified":"2025-07-30T17:36:16","modified_gmt":"2025-07-30T17:36:16","slug":"championnat-du-monde-feminin-hongrie-herrera-neila-et-jones-reviennent-sur-leurs-podiums","status":"publish","type":"post","link":"https:\/\/www.europesays.com\/fr\/284822\/","title":{"rendered":"Championnat du Monde F\u00e9minin, Hongrie : Herrera, Neila et Jones reviennent sur leurs podiums"},"content":{"rendered":"<p><strong>D\u00e9couvrez les r\u00e9actions des pilotes ayant termin\u00e9 sur le<br \/>\npodium lors de la quatri\u00e8me manche du Championnat du Monde F\u00e9minin<br \/>\nen Hongrie.<\/strong><\/p>\n<p>Le Championnat du Monde F\u00e9minin s\u2019est rendu pour la premi\u00e8re<br \/>\nfois en Hongrie le week-end dernier, sur le circuit du Balaton<br \/>\nPark, <a href=\"https:\/\/www.paddock-gp.com\/championnat-du-monde-feminin-hongrie-herrera-et-neila-au-coude-a-coude-la-francaise-ongaro-blessee\/\" target=\"_blank\" rel=\"noopener nofollow\">pour disputer sa quatri\u00e8me<br \/>\nmanche<\/a>. <strong>Mar\u00eda Herrera<\/strong> et <strong>Beatriz<br \/>\nNeila<\/strong> y ont d\u00e9croch\u00e9 les m\u00eames r\u00e9sultats sur les deux<br \/>\ncourses, laissant leur \u00e9cart au championnat \u00e0 neuf points, tandis<br \/>\nque <strong>Chloe Jones<\/strong> est chaque fois parvenue \u00e0<br \/>\ns\u2019interposer.<\/p>\n<p><img loading=\"lazy\" decoding=\"async\" class=\"aligncenter wp-image-1315475 size-full\" src=\"https:\/\/www.europesays.com\/fr\/wp-content\/uploads\/2025\/07\/464851WCR_Balaton_Park_2025_SaturdayPhoto_WilliamJoly.jpg\" alt=\"Championnat du monde f\u00e9minin Hongrie Jones Neila\" width=\"800\" height=\"533\"  \/><\/p>\n<p>En Course 1, <strong>Mar\u00eda Herrera<\/strong> s\u2019est impos\u00e9e en<br \/>\nsolitaire, tandis que <strong>Chloe Jones<\/strong> a profit\u00e9 d\u2019une<br \/>\nerreur de <strong>Beatriz Neila<\/strong> dans le dernier tour pour<br \/>\ns\u2019emparer de la seconde place.<\/p>\n<p><strong>Mar\u00eda Herrera<\/strong> (1\u00e8re) : \u00ab\u00a0Je suis<br \/>\nvraiment contente du r\u00e9sultat parce que je ne partais pas de la<br \/>\npole, je ne connais pas bien la piste et il y a des endroits o\u00f9 je<br \/>\npouvais progresser. Je remercie Yamaha parce qu\u2019on avait un petit<br \/>\nprobl\u00e8me et ils l\u2019ont r\u00e9solu pour la course. Merci aussi \u00e0 mon<br \/>\n\u00e9quipe. Ma victoire est pour Jos\u00e9, un ami.\u00a0\u00bb<\/p>\n<p><strong>Chloe Jones<\/strong> (2e) : \u00ab\u00a0C\u2019est un feeling<br \/>\nincroyable ! Faire un podium \u00e0 domicile est le meilleur feeling qui<br \/>\nsoit mais terminer deuxi\u00e8me ici face \u00e0 deux super pilotes est<br \/>\nincroyable. Je suis vraiment contente de l\u2019avoir fait aussi devant<br \/>\nce public.\u00a0\u00bb<\/p>\n<p><strong>Beatriz Neila<\/strong> (3e) : \u00ab\u00a0La course a \u00e9t\u00e9<br \/>\nun peu difficile mais au final j\u2019ai fait du bon travail. J\u2019ai<br \/>\ncommis une erreur dans la derni\u00e8re chicane mais je suis contente,<br \/>\nc\u2019est un bon r\u00e9sultat pour le championnat. Demain c\u2019est une<br \/>\nnouvelle journ\u00e9e, une nouvelle opportunit\u00e9.\u00a0\u00bb<\/p>\n<p><img loading=\"lazy\" decoding=\"async\" class=\"aligncenter size-full wp-image-1315470\" src=\"https:\/\/www.europesays.com\/fr\/wp-content\/uploads\/2025\/07\/524310104_18397673893141307_167030732092802463_n.jpg\" alt=\"Championnat du monde f\u00e9minin Hongrie Jones Herrera Neila\" width=\"800\" height=\"533\"  \/><\/p>\n<p>En Course 2, <strong>Neila<\/strong> s\u2019est empar\u00e9e de la premi\u00e8re<br \/>\nplace \u00e0 la mi-course, au d\u00e9triment de <strong>Herrera<\/strong>, qui<br \/>\ns\u2019est \u00e9galement fait doubler par <strong>Jones<\/strong> dans la<br \/>\nman\u0153uvre. Les trois femmes ont conserv\u00e9 leur position jusqu\u2019\u00e0<br \/>\nl\u2019arriv\u00e9e.<\/p>\n<p><strong>Beatriz Neila<\/strong> (1\u00e8re) : \u00ab\u00a0Hier je<br \/>\nn\u2019\u00e9tais que contente, l\u00e0 je suis super contente ! C\u2019est bien pour<br \/>\nmoi de terminer premi\u00e8re aujourd\u2019hui parce que \u00e7a signifie que le<br \/>\nchampionnat est toujours ouvert et tr\u00e8s serr\u00e9. Je vais continuer \u00e0<br \/>\nbeaucoup travailler et \u00e0 me concentrer sur moi, comme toujours.<br \/>\nMerci \u00e0 mon \u00e9quipe parce que leur soutien est incroyable, merci \u00e0<br \/>\nma famille. Cette victoire est pour Pau*.\u00a0\u00bb<\/p>\n<p>*Pau Alsina est d\u00e9c\u00e9d\u00e9 le 21 juillet dernier \u00e0 Teruel, lors<br \/>\nd\u2019essais priv\u00e9s au MotorLand Aragon alors qu\u2019il participait au<br \/>\nChampionnat du monde FIM JuniorGP.<\/p>\n<p><strong>Chloe Jones<\/strong> (2e) : \u00ab\u00a0Je suis<br \/>\n\u00e9videmment aux anges et \u00e7a montre que Donington n\u2019\u00e9tait pas juste<br \/>\nun coup d\u2019\u00e9clat, l\u00e0 j\u2019ai d\u00e9croch\u00e9 deux podiums. C\u2019est incroyable.<br \/>\nJe remercie toute mon \u00e9quipe, ma famille, tous ceux qui m\u2019ont<br \/>\npermis d\u2019arriver ici. Le chemin a \u00e9t\u00e9 long mais on est en train de<br \/>\nmontrer qu\u2019on peut \u00eatre l\u00e0.\u00a0\u00bb<\/p>\n<p><strong>Mar\u00eda Herrera<\/strong> (3e) : \u00ab\u00a0La course a \u00e9t\u00e9<br \/>\ndifficile, je ne m\u2019attendais pas \u00e0 ce que Neila me double aussi<br \/>\nfacilement dans la ligne droite. C\u2019est une course d\u00e9cevante mais je<br \/>\nsuis contente pour les points parce que c\u2019est tr\u00e8s important pour<br \/>\nle championnat. Je suis aussi contente d\u2019avoir termin\u00e9 la course<br \/>\nparce que c\u2019\u00e9tait tr\u00e8s difficile pour moi dans la ligne droite et<br \/>\nje devais tout r\u00e9cup\u00e9rer sur les freinages. On verra \u00e0<br \/>\nMagny-Cours.\u00a0\u00bb<\/p>\n<p><img loading=\"lazy\" decoding=\"async\" class=\"aligncenter size-full wp-image-1315160\" src=\"https:\/\/www.europesays.com\/fr\/wp-content\/uploads\/2025\/07\/523644822_17914711410150390_71795985134001157_n.jpg\" alt=\"Championnat du monde f\u00e9minin Hongrie Jones Neila Herrera\" width=\"800\" height=\"533\"  \/><\/p>\n<p>Rendez-vous \u00e0 Magny-Cours, du 5 au 7 septembre, pour la<br \/>\ncinqui\u00e8me manche du Championnat du Monde F\u00e9minin.<\/p>\n<p>Cr\u00e9dit des photos d\u2019interviews et des d\u00e9clarations : <a href=\"https:\/\/www.worldsbk.com\/fr\" rel=\"nofollow noopener\" target=\"_blank\">WorldSBK<\/a><\/p>\n","protected":false},"excerpt":{"rendered":"D\u00e9couvrez les r\u00e9actions des pilotes ayant termin\u00e9 sur le podium lors de la quatri\u00e8me manche du Championnat du&hellip;\n","protected":false},"author":2,"featured_media":284823,"comment_status":"","ping_status":"","sticky":false,"template":"","format":"standard","meta":{"footnotes":""},"categories":[1413],"tags":[1011,27,1457,1456,60],"class_list":{"0":"post-284822","1":"post","2":"type-post","3":"status-publish","4":"format-standard","5":"has-post-thumbnail","7":"category-moto","8":"tag-fr","9":"tag-france","10":"tag-moto","11":"tag-motocycle","12":"tag-sports"},"share_on_mastodon":{"url":"https:\/\/pubeurope.com\/@fr\/114943399317697918","error":""},"_links":{"self":[{"href":"https:\/\/www.europesays.com\/fr\/wp-json\/wp\/v2\/posts\/284822","targetHints":{"allow":["GET"]}}],"collection":[{"href":"https:\/\/www.europesays.com\/fr\/wp-json\/wp\/v2\/posts"}],"about":[{"href":"https:\/\/www.europesays.com\/fr\/wp-json\/wp\/v2\/types\/post"}],"author":[{"embeddable":true,"href":"https:\/\/www.europesays.com\/fr\/wp-json\/wp\/v2\/users\/2"}],"replies":[{"embeddable":true,"href":"https:\/\/www.europesays.com\/fr\/wp-json\/wp\/v2\/comments?post=284822"}],"version-history":[{"count":0,"href":"https:\/\/www.europesays.com\/fr\/wp-json\/wp\/v2\/posts\/284822\/revisions"}],"wp:featuredmedia":[{"embeddable":true,"href":"https:\/\/www.europesays.com\/fr\/wp-json\/wp\/v2\/media\/284823"}],"wp:attachment":[{"href":"https:\/\/www.europesays.com\/fr\/wp-json\/wp\/v2\/media?parent=284822"}],"wp:term":[{"taxonomy":"category","embeddable":true,"href":"https:\/\/www.europesays.com\/fr\/wp-json\/wp\/v2\/categories?post=284822"},{"taxonomy":"post_tag","embeddable":true,"href":"https:\/\/www.europesays.com\/fr\/wp-json\/wp\/v2\/tags?post=284822"}],"curies":[{"name":"wp","href":"https:\/\/api.w.org\/{rel}","templated":true}]}}