{"id":284824,"date":"2025-07-30T17:37:10","date_gmt":"2025-07-30T17:37:10","guid":{"rendered":"https:\/\/www.europesays.com\/fr\/284824\/"},"modified":"2025-07-30T17:37:10","modified_gmt":"2025-07-30T17:37:10","slug":"la-fia-et-formula-e-signent-une-prolongation-jusquen-2048-pour-le-championnat-du-monde-de-formule-e","status":"publish","type":"post","link":"https:\/\/www.europesays.com\/fr\/284824\/","title":{"rendered":"La FIA et Formula E signent une prolongation jusqu\u2019en 2048 pour le championnat du monde de Formule E"},"content":{"rendered":"<p><img decoding=\"async\" src=\"https:\/\/www.europesays.com\/fr\/wp-content\/uploads\/2025\/07\/fe-fia-678x381.jpeg\" alt=\"\" title=\"\"\/><\/p>\n<p><strong>La F\u00e9d\u00e9ration Internationale de l\u2019Automobile (FIA), l\u2019instance dirigeante mondiale du sport automobile et la f\u00e9d\u00e9ration des organisations de mobilit\u00e9 \u00e0 travers le monde, a annonc\u00e9 \u00e0 l\u2019occasion de la finale de la saison 11 de Formule E une importante prolongation pluriannuelle de son accord avec Formula E Holdings Limited (majoritairement d\u00e9tenue par Liberty Global) pour la promotion continue du Championnat du Monde FIA de Formule E.<\/strong><\/p>\n<p style=\"text-align: justify;\">Cet accord renforce l\u2019avenir prometteur de la Formule E dans le sport automobile international. Il constitue une plateforme puissante pour acc\u00e9l\u00e9rer la trajectoire de croissance du Championnat, attirer de nouveaux investissements, \u00e9tendre son impact mondial et ouvrir la voie \u00e0 une innovation durable dans l\u2019ensemble du secteur automobile.<\/p>\n<p style=\"text-align: justify;\">Conform\u00e9ment aux plans actuels, la Formule E poursuivra sa strat\u00e9gie de d\u00e9veloppement ambitieuse et progressive pour ses voitures, visant \u00e0 offrir des vitesses de pointe plus \u00e9lev\u00e9es, une meilleure acc\u00e9l\u00e9ration, une a\u00e9rodynamique am\u00e9lior\u00e9e et de meilleures performances des pneumatiques, afin de continuer \u00e0 produire certaines des courses les plus serr\u00e9es et comp\u00e9titives du sport automobile. Ces \u00e9volutions t\u00e9moignent de la pertinence croissante du championnat pour les consommateurs et le march\u00e9 \u00e9largi des v\u00e9hicules \u00e9lectriques, avec un transfert technologique renforc\u00e9 de la course \u00e0 la route.<\/p>\n<p style=\"text-align: justify;\">Alors que les ventes de v\u00e9hicules \u00e9lectriques devraient repr\u00e9senter plus de 40 % des ventes mondiales de v\u00e9hicules d\u2019ici 2030, et que la production mondiale de batteries lithium-ion devrait tripler d\u2019ici 2030, la pertinence de la Formule E et les progr\u00e8s r\u00e9alis\u00e9s dans ce domaine sont plus importants que jamais. Au c\u0153ur de cette transformation, le Championnat du Monde FIA de Formule E illustre ce qu\u2019il est possible d\u2019accomplir dans la course \u00e9lectrique moderne et joue un r\u00f4le pionnier dans le d\u00e9veloppement des technologies qui d\u00e9finiront les v\u00e9hicules du futur.<\/p>\n<p style=\"text-align: justify;\">La Formule E GEN3 Evo, lanc\u00e9e plus t\u00f4t cette ann\u00e9e, repr\u00e9sente d\u00e9j\u00e0 une avanc\u00e9e significative en mati\u00e8re de performance : un passage de 0 \u00e0 100 km\/h en seulement 1,82 seconde (30 % plus rapide qu\u2019une Formule 1 actuelle), une vitesse de pointe de 322 km\/h, et pr\u00e8s de 50 % de l\u2019\u00e9nergie n\u00e9cessaire pour terminer une course r\u00e9g\u00e9n\u00e9r\u00e9e pendant celle-ci. Elle est con\u00e7ue avec la durabilit\u00e9 au c\u0153ur de son architecture, int\u00e9grant des pneus fabriqu\u00e9s avec 35 % de mat\u00e9riaux recycl\u00e9s et une carrosserie incorporant de la fibre de carbone recycl\u00e9e et des fibres naturelles.<\/p>\n<p style=\"text-align: justify;\">La Formule E est d\u00e9j\u00e0 soutenue par une liste prestigieuse de marques de constructeurs telles que Porsche, Jaguar, Nissan, Maserati, Stellantis, Mahindra et Lola-Yamaha.<\/p>\n<p style=\"text-align: justify;\">Depuis sa premi\u00e8re course \u00e0 P\u00e9kin en 2014, la Formule E a r\u00e9ussi \u00e0 atteindre environ 400 millions de fans \u00e0 travers le monde et attirant une audience t\u00e9l\u00e9vis\u00e9e d\u2019environ un demi-milliard de personnes. Avec 11 \u00e9quipes de classe mondiale et 22 pilotes d\u2019\u00e9lite, le Championnat se d\u00e9roule dans des lieux exceptionnels tels que Monaco, Tokyo, Londres, Shanghai et Miami.<\/p>\n<p style=\"text-align: justify;\">Confirmant sa position mondiale en tant que r\u00e9f\u00e9rence en mati\u00e8re de durabilit\u00e9, la Formule E a \u00e9t\u00e9 class\u00e9e sport num\u00e9ro un en mati\u00e8re de RSE dans le monde pour la troisi\u00e8me ann\u00e9e cons\u00e9cutive. Combin\u00e9e \u00e0 des r\u00e9ductions annuelles substantielles des \u00e9missions li\u00e9es au transport de mat\u00e9riel et \u00e0 l\u2019h\u00e9ritage positif et durable de son Better Future Fund dans les villes h\u00f4tes, la Formule E est pr\u00eate \u00e0 conna\u00eetre un avenir encore plus solide et impactant.<\/p>\n<blockquote>\n<p style=\"text-align: justify;\">Mohammed Ben Sulayem, pr\u00e9sident de la FIA, a d\u00e9clar\u00e9 : \u00ab La prolongation de l\u2019accord r\u00e9gissant le Championnat du Monde de Formule E FIA est une excellente nouvelle pour le sport et refl\u00e8te clairement notre strat\u00e9gie continue \u00e0 la FIA visant \u00e0 favoriser la stabilit\u00e9 \u00e0 long terme, l\u2019innovation et la croissance dans toutes les disciplines du sport automobile. Ce jalon confirme notre engagement envers l\u2019innovation, la durabilit\u00e9 et le progr\u00e8s technologique, qui sont tous au c\u0153ur de l\u2019identit\u00e9 et de la raison d\u2019\u00eatre uniques de ce championnat. Il s\u2019inscrit \u00e9galement dans notre objectif plus large d\u2019accro\u00eetre la participation \u00e0 l\u2019\u00e9chelle mondiale et de rendre le sport automobile plus accessible \u00e0 tous. Nous sommes ravis de poursuivre ce voyage avec la Formule E, et j\u2019ai h\u00e2te de la voir se d\u00e9velopper encore davantage, sur la piste comme en dehors, dans les ann\u00e9es \u00e0 venir. \u00bb<\/p>\n<p style=\"text-align: justify;\">Craig Edmondson, Directeur Commercial de la FIA, a d\u00e9clar\u00e9 : \u00ab La Formule E a non seulement affich\u00e9 une croissance impressionnante depuis sa cr\u00e9ation, mais elle a aussi \u00e9t\u00e9 pionni\u00e8re en mati\u00e8re d\u2019innovation durable dans notre industrie. Il s\u2019agit d\u2019un accord historique pour la FIA et pour la Formule E, et nous sommes enthousiastes \u00e0 l\u2019id\u00e9e de collaborer avec le championnat dans les ann\u00e9es \u00e0 venir. \u00bb<\/p>\n<p style=\"text-align: justify;\">Mike Fries, PDG de Liberty Global, a d\u00e9clar\u00e9 : \u00ab Nous croyons en la Formule E depuis le premier jour, et cette prolongation confirme notre confiance dans la direction qu\u2019elle prend. C\u2019est le sport automobile du futur \u2013 un championnat qui combine les technologies les plus r\u00e9centes, des courses au coude-\u00e0-coude, et une mission qui a v\u00e9ritablement du sens. Gr\u00e2ce au soutien continu de la FIA, nous pouvons d\u00e9sormais franchir de nouvelles \u00e9tapes majeures \u2013 d\u00e9velopper le sport, accro\u00eetre sa base de fans \u00e0 l\u2019\u00e9chelle mondiale, et continuer \u00e0 repousser les limites de ce que la course \u00e9lectrique peut accomplir. Avec ce nouvel accord en place, la Formule E est aujourd\u2019hui mieux positionn\u00e9e que jamais pour d\u00e9finir l\u2019avenir du sport automobile \u2013 plus innovant, plus inclusif, plus durable \u2013 et pour inspirer la prochaine g\u00e9n\u00e9ration de fans, de pilotes et de partenaires dans le monde entier.\u00a0 \u00bb<\/p>\n<p style=\"text-align: justify;\">Jeff Dodds, PDG de la Formule E, a d\u00e9clar\u00e9 : \u00ab La croissance de la Formule E depuis sa cr\u00e9ation est tout simplement extraordinaire, avec des centaines de millions de fans, ainsi que des \u00e9quipes et pilotes de classe mondiale, qui ont choisi une comp\u00e9tition \u00e9lectrique de tr\u00e8s haut niveau. Cette prolongation \u00e0 long terme du partenariat nous permet de continuer \u00e0 construire la marque, \u00e0 investir dans notre produit et \u00e0 offrir certaines des courses les plus captivantes qui ont fait notre renomm\u00e9e. Gr\u00e2ce \u00e0 cette prolongation, les possibilit\u00e9s qu\u2019a d\u00e9sormais la Formule E d\u2019avoir un impact sur le sport automobile mondial seront v\u00e9ritablement transformatrices. \u00bb<\/p>\n<\/blockquote>\n","protected":false},"excerpt":{"rendered":"La F\u00e9d\u00e9ration Internationale de l\u2019Automobile (FIA), l\u2019instance dirigeante mondiale du sport automobile et la f\u00e9d\u00e9ration des organisations de&hellip;\n","protected":false},"author":2,"featured_media":284825,"comment_status":"","ping_status":"","sticky":false,"template":"","format":"standard","meta":{"footnotes":""},"categories":[1412],"tags":[1451,1452,42378,42379,1453,1454,1455,1011,27,60],"class_list":{"0":"post-284824","1":"post","2":"type-post","3":"status-publish","4":"format-standard","5":"has-post-thumbnail","7":"category-f1","8":"tag-f1","9":"tag-formula-1","10":"tag-formula-e","11":"tag-formula-e-fia","12":"tag-formula1","13":"tag-formule-1","14":"tag-formule1","15":"tag-fr","16":"tag-france","17":"tag-sports"},"share_on_mastodon":{"url":"https:\/\/pubeurope.com\/@fr\/114943403272274142","error":""},"_links":{"self":[{"href":"https:\/\/www.europesays.com\/fr\/wp-json\/wp\/v2\/posts\/284824","targetHints":{"allow":["GET"]}}],"collection":[{"href":"https:\/\/www.europesays.com\/fr\/wp-json\/wp\/v2\/posts"}],"about":[{"href":"https:\/\/www.europesays.com\/fr\/wp-json\/wp\/v2\/types\/post"}],"author":[{"embeddable":true,"href":"https:\/\/www.europesays.com\/fr\/wp-json\/wp\/v2\/users\/2"}],"replies":[{"embeddable":true,"href":"https:\/\/www.europesays.com\/fr\/wp-json\/wp\/v2\/comments?post=284824"}],"version-history":[{"count":0,"href":"https:\/\/www.europesays.com\/fr\/wp-json\/wp\/v2\/posts\/284824\/revisions"}],"wp:featuredmedia":[{"embeddable":true,"href":"https:\/\/www.europesays.com\/fr\/wp-json\/wp\/v2\/media\/284825"}],"wp:attachment":[{"href":"https:\/\/www.europesays.com\/fr\/wp-json\/wp\/v2\/media?parent=284824"}],"wp:term":[{"taxonomy":"category","embeddable":true,"href":"https:\/\/www.europesays.com\/fr\/wp-json\/wp\/v2\/categories?post=284824"},{"taxonomy":"post_tag","embeddable":true,"href":"https:\/\/www.europesays.com\/fr\/wp-json\/wp\/v2\/tags?post=284824"}],"curies":[{"name":"wp","href":"https:\/\/api.w.org\/{rel}","templated":true}]}}