{"id":284826,"date":"2025-07-30T17:38:14","date_gmt":"2025-07-30T17:38:14","guid":{"rendered":"https:\/\/www.europesays.com\/fr\/284826\/"},"modified":"2025-07-30T17:38:14","modified_gmt":"2025-07-30T17:38:14","slug":"marion-rousse-tout-ce-que-vous-ne-voyez-pas-ces-rares-images-de-la-compagne-de-julian-alaphilippe","status":"publish","type":"post","link":"https:\/\/www.europesays.com\/fr\/284826\/","title":{"rendered":"Marion Rousse : \u00ab\u00a0Tout ce que vous ne voyez pas\u2026\u00a0\u00bb ces rares images de la compagne de Julian Alaphilippe"},"content":{"rendered":"<p>\u00c0 seulement 33 ans, <a class=\"qbe-widget\" href=\"https:\/\/www.google.com\/search?q=site%3Awww.closermag.fr+marion+rousse&amp;rlz=1C5CHFA_enFR936FR936&amp;oq=site%3Awww.closermag.fr+marion+rousse&amp;gs_lcrp=EgZjaHJvbWUyBggAEEUYOTIGCAEQRRg60gEJNDk2MGowajE1qAIIsAIB&amp;sourceid=chrome&amp;ie=UTF-8\" target=\"_blank\" rel=\"noopener noreferrer\">Marion Rousse est une<br \/>\nfigure incontournable du cyclisme fran\u00e7ais.<\/a> Ancienne<br \/>\ncoureuse professionnelle (2010\u20112015), elle a remport\u00e9 le titre de<br \/>\nchampionne de France sur route \u00e9lites et espoirs en 2012. Mais \u00e0<br \/>\nseulement 24 ans, elle met un terme \u00e0 sa carri\u00e8re sportive pour se<br \/>\nconsacrer aux m\u00e9dias. Cette ann\u00e9e, elle est <a class=\"qbe-widget\" href=\"https:\/\/www.closermag.fr\/people\/oh-la-la-marion-rousse-sagace-en-plein-direct-du-tour-de-france-et-ca-concerne-julian-alaphilippe-3562021\" target=\"_blank\" rel=\"noopener noreferrer\">l\u2019une des voix du Tour<br \/>\nde France<\/a>, diffus\u00e9 sur France T\u00e9l\u00e9visions. C\u00f4t\u00e9 vie priv\u00e9e,<br \/>\n<a class=\"qbe-widget\" href=\"https:\/\/www.telestar.fr\/people\/marion-rousse-combien-a-t-elle-denfants-avec-julian-alaphilippe-1730998\" target=\"_blank\" rel=\"noopener noreferrer\">elle a fond\u00e9 une<br \/>\nfamille avec Julian Alaphilippe,<\/a> double champion du monde<br \/>\nde cyclisme.<\/p>\n<p>Si elle est tr\u00e8s pr\u00e9sente dans les m\u00e9dias en raison de son<br \/>\nm\u00e9tier<a class=\"qbe-widget\" href=\"https:\/\/www.closermag.fr\/people\/marion-rousse-ce-rare-cliche-denfance-partage-pour-une-raison-bien-precise-3414801\" target=\"_blank\" rel=\"noopener noreferrer\">, les images de sa vie<br \/>\nrestent assez rares.<\/a> Mais elle a fait une exception \u00e0 la<br \/>\nr\u00e8gle en partageant <strong>des images de son<br \/>\nquotidien.<\/strong><\/p>\n<p>Une journ\u00e9e avec Marion Rousee<\/p>\n<p>Mercredi 30 juillet, Marion Rousse a surpris ses fans en postant<br \/>\nune vid\u00e9o qui illustre sa vie. Pendant 24 h, elle a emmen\u00e9 ses<br \/>\nabonn\u00e9s avec elle. \u201cBonjour c\u2019est Marion Rousse et \u00e7a c\u00a0\u00bbest tout ce<br \/>\nque vous ne voyez pas \u00e0 la t\u00e9l\u00e9\u201d, commence l\u2019ancienne championne de<br \/>\ncyclisme. Ainsi, d\u00e9part 11 h 34 pour aller rejoindre le lieu de<br \/>\nl\u2019\u00e9tape et faire une reconnaissance du parcours. \u201cOn a pr\u00e8s de<br \/>\n70 jours de course \u00e0 commenter \u00e0 l\u2019ann\u00e9e avec France<br \/>\nT\u00e9l\u00e9visions\u201d, explique-t-elle.<\/p>\n<p>Apr\u00e8s une s\u00e9ance photos avec ses fans, elle se rend dans ses<br \/>\nbureaux de la semaine, avant l&rsquo;enregistrement de la prise d\u2019antenne<br \/>\naux alentours de 14 h. Elle passe ensuite en r\u00e9gie, signe quelques<br \/>\nautographes et puis commence le direct. Pendant pr\u00e8s d\u2019une heure<br \/>\ntrente, elle commente l\u2019\u00e9tape du jour. Une fois le live termin\u00e9,<br \/>\nelle se rend dans l\u2019espace partenaire avant une nouvelle s\u00e9ance<br \/>\nphoto. La journ\u00e9e se termine vers 19 h, lorsqu\u2019elle est transf\u00e9r\u00e9e<br \/>\nvers l\u2019\u00e9tape suivante.<\/p>\n<p>Marion Rousse et sa vie de famille<\/p>\n<p>Pour Marion Rousse, l\u2019heure n\u2019est donc pas aux vacances. Du 26<br \/>\njuillet au 3 aout, elle va parcourir les routes de France, pour<br \/>\nsuivre le <strong>Tour de France f\u00e9minin<\/strong>, dont elle est la<br \/>\ndirectrice. Il va traverser l\u2019Hexagone de l\u2019ouest \u00e0 l\u2019est, avec<br \/>\n<strong>un d\u00e9part \u00e0 Brest et une arriv\u00e9e \u00e0 Ch\u00e2tel.<\/strong><\/p>\n<p>Apr\u00e8s cette comp\u00e9tition, elle pourra rejoindre son fils Nino,<br \/>\n<a class=\"qbe-widget\" href=\"https:\/\/www.closermag.fr\/people\/marion-rousse-ce-moment-chaque-soir-ou-elle-retrouve-julian-alaphilippe-et-leur-fils-dans-une-voiture-3566735\" target=\"_blank\" rel=\"noopener noreferrer\">qu\u2019elle appelle tous<br \/>\nles soirs<\/a>. Il est n\u00e9 de sa relation avec\u00a0Julian<br \/>\nAlaphilippe. Ensemble, ils pourront passer du bon temps dans<br \/>\n<a class=\"qbe-widget\" href=\"https:\/\/www.closermag.fr\/people\/marion-rousse-a-quoi-ressemble-la-maison-ou-elle-vit-avec-julian-alaphilippe-et-leur-fils-dans-cadre-a-couper-le-souffle-3557862\" target=\"_blank\" rel=\"noopener noreferrer\">leur maison \u00e0<br \/>\nAndorre,<\/a> loin des bruits des plateaux t\u00e9l\u00e9.<\/p>\n","protected":false},"excerpt":{"rendered":"\u00c0 seulement 33 ans, Marion Rousse est une figure incontournable du cyclisme fran\u00e7ais. Ancienne coureuse professionnelle (2010\u20112015), elle&hellip;\n","protected":false},"author":2,"featured_media":284827,"comment_status":"","ping_status":"","sticky":false,"template":"","format":"standard","meta":{"footnotes":""},"categories":[1411],"tags":[548,1154,207,1011,27,42380,60,210,729],"class_list":{"0":"post-284826","1":"post","2":"type-post","3":"status-publish","4":"format-standard","5":"has-post-thumbnail","7":"category-cyclisme","8":"tag-article-simple","9":"tag-cycling","10":"tag-cyclisme","11":"tag-fr","12":"tag-france","13":"tag-marion-rousse","14":"tag-sports","15":"tag-tour-de-france","16":"tag-yout_video"},"share_on_mastodon":{"url":"https:\/\/pubeurope.com\/@fr\/114943407098745372","error":""},"_links":{"self":[{"href":"https:\/\/www.europesays.com\/fr\/wp-json\/wp\/v2\/posts\/284826","targetHints":{"allow":["GET"]}}],"collection":[{"href":"https:\/\/www.europesays.com\/fr\/wp-json\/wp\/v2\/posts"}],"about":[{"href":"https:\/\/www.europesays.com\/fr\/wp-json\/wp\/v2\/types\/post"}],"author":[{"embeddable":true,"href":"https:\/\/www.europesays.com\/fr\/wp-json\/wp\/v2\/users\/2"}],"replies":[{"embeddable":true,"href":"https:\/\/www.europesays.com\/fr\/wp-json\/wp\/v2\/comments?post=284826"}],"version-history":[{"count":0,"href":"https:\/\/www.europesays.com\/fr\/wp-json\/wp\/v2\/posts\/284826\/revisions"}],"wp:featuredmedia":[{"embeddable":true,"href":"https:\/\/www.europesays.com\/fr\/wp-json\/wp\/v2\/media\/284827"}],"wp:attachment":[{"href":"https:\/\/www.europesays.com\/fr\/wp-json\/wp\/v2\/media?parent=284826"}],"wp:term":[{"taxonomy":"category","embeddable":true,"href":"https:\/\/www.europesays.com\/fr\/wp-json\/wp\/v2\/categories?post=284826"},{"taxonomy":"post_tag","embeddable":true,"href":"https:\/\/www.europesays.com\/fr\/wp-json\/wp\/v2\/tags?post=284826"}],"curies":[{"name":"wp","href":"https:\/\/api.w.org\/{rel}","templated":true}]}}