{"id":284828,"date":"2025-07-30T17:39:10","date_gmt":"2025-07-30T17:39:10","guid":{"rendered":"https:\/\/www.europesays.com\/fr\/284828\/"},"modified":"2025-07-30T17:39:10","modified_gmt":"2025-07-30T17:39:10","slug":"mamadou-sarr-va-revenir-au-racing-dans-les-prochaines-heures-alsasports","status":"publish","type":"post","link":"https:\/\/www.europesays.com\/fr\/284828\/","title":{"rendered":"Mamadou Sarr va revenir au Racing dans les prochaines heures \u2014 Alsa&rsquo;Sports"},"content":{"rendered":"<p><strong>Le d\u00e9fenseur achet\u00e9 par Chelsea au Racing va revenir \u00e0 Strasbourg dans les prochaines heures. <\/strong><\/p>\n<p>Il ne manque plus que quelques d\u00e9tails juridiques et administratifs pour d\u00e9cider de l\u2019officialisation, mais selon nos indiscr\u00e9tions, la signature de Mamadou Sarr sera rendue publique dans les deux prochains jours. Il aura fallu plusieurs semaines pour que Strasbourg et Chelsea d\u00e9cident de la saison du d\u00e9fenseur central, qui n\u2019a disput\u00e9 que 9 petites minutes (en sept matches) lors de la Coupe du monde des clubs remport\u00e9e par les Blues (3-0 face au Paris SG), et dont les espoirs d\u2019entrer dans la rotation londonienne se sont amenuis\u00e9s. <\/p>\n<p>Nous annoncions le 3 juin que cette hypoth\u00e8se \u00e9tait rapidement envisag\u00e9e : \u00ab\u00a0Un transfert d\u00e9finitif et un adieu \u00e0 la Meinau ? Pas tout \u00e0 fait. Apr\u00e8s cette Coupe du monde des clubs et avant le d\u00e9but de la prochaine saison, Mamadou Sarr devrait, selon nos informations, \u00eatre pr\u00eat\u00e9 par Chelsea au Racing Club de Strasbourg. Le solide et discret d\u00e9fenseur serait donc align\u00e9 dans la charni\u00e8re centrale du club alsacien au moment de n\u00e9gocier le tr\u00e8s attendu barrage de Ligue Conf\u00e9rence\u00a0\u00bb. Mamadou Sarr sera le troisi\u00e8me joueur pr\u00eat\u00e9 par Chelsea apr\u00e8s le gardien belge Mike Penders et le milieu offensif Kendry Paez, qui sera \u00e9galement annonc\u00e9 dans les prochaines heures. <\/p>\n","protected":false},"excerpt":{"rendered":"Le d\u00e9fenseur achet\u00e9 par Chelsea au Racing va revenir \u00e0 Strasbourg dans les prochaines heures. Il ne manque&hellip;\n","protected":false},"author":2,"featured_media":284829,"comment_status":"","ping_status":"","sticky":false,"template":"","format":"standard","meta":{"footnotes":""},"categories":[1410],"tags":[63,1011,27,66,29641,4448,60],"class_list":{"0":"post-284828","1":"post","2":"type-post","3":"status-publish","4":"format-standard","5":"has-post-thumbnail","7":"category-football","8":"tag-football","9":"tag-fr","10":"tag-france","11":"tag-ligue-1","12":"tag-mamadou-sarr","13":"tag-rc-strasbourg","14":"tag-sports"},"share_on_mastodon":{"url":"https:\/\/pubeurope.com\/@fr\/114943411484825882","error":""},"_links":{"self":[{"href":"https:\/\/www.europesays.com\/fr\/wp-json\/wp\/v2\/posts\/284828","targetHints":{"allow":["GET"]}}],"collection":[{"href":"https:\/\/www.europesays.com\/fr\/wp-json\/wp\/v2\/posts"}],"about":[{"href":"https:\/\/www.europesays.com\/fr\/wp-json\/wp\/v2\/types\/post"}],"author":[{"embeddable":true,"href":"https:\/\/www.europesays.com\/fr\/wp-json\/wp\/v2\/users\/2"}],"replies":[{"embeddable":true,"href":"https:\/\/www.europesays.com\/fr\/wp-json\/wp\/v2\/comments?post=284828"}],"version-history":[{"count":0,"href":"https:\/\/www.europesays.com\/fr\/wp-json\/wp\/v2\/posts\/284828\/revisions"}],"wp:featuredmedia":[{"embeddable":true,"href":"https:\/\/www.europesays.com\/fr\/wp-json\/wp\/v2\/media\/284829"}],"wp:attachment":[{"href":"https:\/\/www.europesays.com\/fr\/wp-json\/wp\/v2\/media?parent=284828"}],"wp:term":[{"taxonomy":"category","embeddable":true,"href":"https:\/\/www.europesays.com\/fr\/wp-json\/wp\/v2\/categories?post=284828"},{"taxonomy":"post_tag","embeddable":true,"href":"https:\/\/www.europesays.com\/fr\/wp-json\/wp\/v2\/tags?post=284828"}],"curies":[{"name":"wp","href":"https:\/\/api.w.org\/{rel}","templated":true}]}}