{"id":284832,"date":"2025-07-30T17:42:19","date_gmt":"2025-07-30T17:42:19","guid":{"rendered":"https:\/\/www.europesays.com\/fr\/284832\/"},"modified":"2025-07-30T17:42:19","modified_gmt":"2025-07-30T17:42:19","slug":"un-monde-encore-plus-enchanteur","status":"publish","type":"post","link":"https:\/\/www.europesays.com\/fr\/284832\/","title":{"rendered":"un monde encore plus enchanteur"},"content":{"rendered":"<p>Chaque \u00e9t\u00e9, \u00e0 deux reprises, la rue principale du village de Cuisery prend des airs de march\u00e9 nocturne litt\u00e9raire. Les bouquinistes y installent leurs \u00e9tals jusque sur les trottoirs et accueillent les visiteurs dans une atmosph\u00e8re d\u00e9contract\u00e9e et propice \u00e0 la fl\u00e2nerie. Cette ann\u00e9e encore, le public \u00e9tait au rendez-vous, notamment pour profiter du concert gratuit de Thierry Peinado ( lire par ailleurs ).<\/p>\n<p>\u00ab\u00a0Ces soir\u00e9es permettent de profiter de la fra\u00eecheur du soir et de d\u00e9couvrir les lieux autrement. C\u2019est un moment attendu, qui a trouv\u00e9 son public\u00a0\u00bb, se r\u00e9jouit Jean-Louis Cartillier, pr\u00e9sident du Village du Livre, qui&#8230;<\/p>\n","protected":false},"excerpt":{"rendered":"Chaque \u00e9t\u00e9, \u00e0 deux reprises, la rue principale du village de Cuisery prend des airs de march\u00e9 nocturne&hellip;\n","protected":false},"author":2,"featured_media":284833,"comment_status":"","ping_status":"","sticky":false,"template":"","format":"standard","meta":{"footnotes":""},"categories":[1357],"tags":[1379,42381,42382,1687,58,6238,59,107,1011,27,1380,2410],"class_list":{"0":"post-284832","1":"post","2":"type-post","3":"status-publish","4":"format-standard","5":"has-post-thumbnail","7":"category-livres","8":"tag-books","9":"tag-cuisery","10":"tag-cuisery-bassin","11":"tag-culture-loisirs","12":"tag-divertissement","13":"tag-edition-bresse","14":"tag-entertainment","15":"tag-fil-info","16":"tag-fr","17":"tag-france","18":"tag-livres","19":"tag-livres-bd"},"share_on_mastodon":{"url":"https:\/\/pubeurope.com\/@fr\/114943422894451346","error":""},"_links":{"self":[{"href":"https:\/\/www.europesays.com\/fr\/wp-json\/wp\/v2\/posts\/284832","targetHints":{"allow":["GET"]}}],"collection":[{"href":"https:\/\/www.europesays.com\/fr\/wp-json\/wp\/v2\/posts"}],"about":[{"href":"https:\/\/www.europesays.com\/fr\/wp-json\/wp\/v2\/types\/post"}],"author":[{"embeddable":true,"href":"https:\/\/www.europesays.com\/fr\/wp-json\/wp\/v2\/users\/2"}],"replies":[{"embeddable":true,"href":"https:\/\/www.europesays.com\/fr\/wp-json\/wp\/v2\/comments?post=284832"}],"version-history":[{"count":0,"href":"https:\/\/www.europesays.com\/fr\/wp-json\/wp\/v2\/posts\/284832\/revisions"}],"wp:featuredmedia":[{"embeddable":true,"href":"https:\/\/www.europesays.com\/fr\/wp-json\/wp\/v2\/media\/284833"}],"wp:attachment":[{"href":"https:\/\/www.europesays.com\/fr\/wp-json\/wp\/v2\/media?parent=284832"}],"wp:term":[{"taxonomy":"category","embeddable":true,"href":"https:\/\/www.europesays.com\/fr\/wp-json\/wp\/v2\/categories?post=284832"},{"taxonomy":"post_tag","embeddable":true,"href":"https:\/\/www.europesays.com\/fr\/wp-json\/wp\/v2\/tags?post=284832"}],"curies":[{"name":"wp","href":"https:\/\/api.w.org\/{rel}","templated":true}]}}