{"id":284846,"date":"2025-07-30T17:49:11","date_gmt":"2025-07-30T17:49:11","guid":{"rendered":"https:\/\/www.europesays.com\/fr\/284846\/"},"modified":"2025-07-30T17:49:11","modified_gmt":"2025-07-30T17:49:11","slug":"cette-decouverte-improbable-fascine-les-scientifiques","status":"publish","type":"post","link":"https:\/\/www.europesays.com\/fr\/284846\/","title":{"rendered":"cette d\u00e9couverte improbable fascine les scientifiques"},"content":{"rendered":"<p><img fetchpriority=\"high\" decoding=\"async\" width=\"1024\" height=\"578\" src=\"https:\/\/www.europesays.com\/fr\/wp-content\/uploads\/2025\/07\/dinosaure-parking-denvers-1024x578.webp.webp\" alt=\"Fossile de dinosaure partiellement d\u00e9gag\u00e9 du sol lors de fouilles arch\u00e9ologiques\" class=\"wp-image-984800\"  \/>Sous les dalles d\u2019un parking du Colorado, ce fossile de dinosaure a refait surface apr\u00e8s des millions d\u2019ann\u00e9es \u2013 DailyGeekShow.com<\/p>\n<p><strong>Sous un simple parking urbain, une \u00e9quipe du Denver Museum of Nature &amp; Science a mis au jour un fossile vieux de 67,5 millions d\u2019ann\u00e9es. <\/strong><\/p>\n<p>D\u00e9couvert lors d\u2019un forage g\u00e9othermique \u00e0 232 m\u00e8tres sous le City Park de <strong>Denver<\/strong>, ce fragment fossile repr\u00e9sente la <strong>vert\u00e8bre d\u2019un <a href=\"https:\/\/dailygeekshow.com\/ce-dinosaure-est-mort-il-y-a-70-millions-dannees-mais-il-pourrait-sauver-votre-vie-demain\/\" rel=\"nofollow noopener\" target=\"_blank\">dinosaure<\/a> herbivore<\/strong>. Il s\u2019agit de la d\u00e9couverte la plus <strong>ancienne et la plus profonde<\/strong> jamais r\u00e9alis\u00e9e dans la ville. Cette trouvaille inattendue ouvre une <strong>fen\u00eatre fascinante sur l\u2019\u00e8re du Cr\u00e9tac\u00e9<\/strong>, enfouie sous la ville moderne.<\/p>\n<p>Lire aussi <a href=\"https:\/\/dailygeekshow.com\/pourquoi-ce-tresor-vieux-de-5-siecles-na-jamais-ete-pille-ce-que-cache-vraiment-cette-grotte\/\" rel=\"nofollow noopener\" target=\"_blank\">Pourquoi ce tr\u00e9sor vieux de 5 si\u00e8cles n\u2019a jamais \u00e9t\u00e9 pill\u00e9 ? Ce que cache vraiment cette grotte<\/a><\/p>\n<p>Un forage g\u00e9othermique devient une r\u00e9v\u00e9lation scientifique<\/p>\n<p>\u00c0 l\u2019origine, le projet devait \u00e9valuer un futur syst\u00e8me de chauffage g\u00e9othermique. Toutefois, l\u2019\u00e9quipe du mus\u00e9e a saisi cette occasion pour mener une exploration scientifique. Lors de l\u2019extraction d\u2019un <strong>noyau <a href=\"https:\/\/dailygeekshow.com\/les-fossiles-de-coraux-marins-revelent-un-ancien-effondrement-climatique-brutal\/\" rel=\"nofollow noopener\" target=\"_blank\">rocheux<\/a><\/strong>, les scientifiques ont rep\u00e9r\u00e9 une <strong>forme inhabituelle<\/strong> incrust\u00e9e dans la roche. Tr\u00e8s vite, ils ont identifi\u00e9 une <strong>vert\u00e8bre fossilis\u00e9e<\/strong>, preuve tangible d\u2019une vie ancienne.<\/p>\n<p><strong>James Hagadorn<\/strong>, conservateur en chef du mus\u00e9e, explique que ce fragment pr\u00e9historique donne une chance unique d\u2019observer <strong>l\u2019environnement d\u2019il y a 67 millions d\u2019ann\u00e9es<\/strong>. Par cons\u00e9quent, cette d\u00e9couverte change profond\u00e9ment notre compr\u00e9hension du pass\u00e9 g\u00e9ologique de la r\u00e9gion.<\/p>\n<p>Une vert\u00e8bre qui rejoint les vitrines du mus\u00e9e et raconte une double histoire<\/p>\n<p><img loading=\"lazy\" decoding=\"async\" width=\"1024\" height=\"683\" src=\"https:\/\/www.europesays.com\/fr\/wp-content\/uploads\/2025\/07\/partie-dinosaure-equipe-scientifique-1024x683.webp.webp\" alt=\"Vert\u00e8bre fossilis\u00e9e de dinosaure pos\u00e9e sur fond neutre, vue de face\" class=\"wp-image-984803\"  \/>Cette vert\u00e8bre colossale a \u00e9t\u00e9 exhum\u00e9e dans un \u00e9tat de conservation exceptionnel par une \u00e9quipe scientifique \u2013 Mus\u00e9e de la nature et des sciences de Denver\/Rick Wicker<\/p>\n<p>L\u2019os appartient \u00e0 un <strong>dinosaure herbivore<\/strong>, probablement un <strong>Thescelosaurus<\/strong>. <strong>Patrick O\u2019Connor<\/strong>, directeur scientifique, a valid\u00e9 l\u2019\u00e2ge du fossile et dirig\u00e9 son analyse. Ainsi, ce sp\u00e9cimen exceptionnel, retrouv\u00e9 dans un contexte totalement in\u00e9dit, est d\u00e9sormais visible dans l\u2019exposition permanente <strong>Discovering Teen Rex<\/strong>. Gr\u00e2ce \u00e0 cette mise en sc\u00e8ne, les visiteurs peuvent l\u2019admirer de pr\u00e8s et comprendre comment des travaux du quotidien d\u00e9voilent parfois des tr\u00e9sors pal\u00e9ontologiques.<\/p>\n<p>Lire aussi <a href=\"https:\/\/dailygeekshow.com\/cimetiere-baleine-russie\/\" rel=\"nofollow noopener\" target=\"_blank\">Le retrait d\u2019un glacier arctique r\u00e9v\u00e8le un vaste cimeti\u00e8re de baleines pr\u00e9historiques<\/a><\/p>\n<p>De plus, la revue <strong>Rocky Mountain Geology<\/strong> a relay\u00e9 l\u2019\u00e9tude, soulignant l\u2019impact de cette d\u00e9couverte sur la communaut\u00e9 <a href=\"https:\/\/dailygeekshow.com\/antarctique-cette-incroyable-decouverte-de-champignons-par-un-scientifique-bresilien-revele-un-signal-fort-du-dereglement\/\" rel=\"nofollow noopener\" target=\"_blank\">scientifique<\/a> internationale.<\/p>\n<p>Une transition \u00e9nerg\u00e9tique qui d\u00e9voile les secrets enfouis du Cr\u00e9tac\u00e9<\/p>\n<p>Ce forage s\u2019inscrit dans un programme soutenu par l\u2019\u00c9tat du Colorado pour promouvoir les \u00e9nergies propres. Parall\u00e8lement, il a permis de r\u00e9v\u00e9ler une <strong>stratigraphie in\u00e9dite<\/strong> dans un environnement urbain dense. Ce double objectif a \u00e9t\u00e9 atteint gr\u00e2ce \u00e0 une <strong>subvention de 250\u202f000\u202f$<\/strong>, issue d\u2019un plan global visant \u00e0 r\u00e9duire les \u00e9missions de gaz \u00e0 effet de serre.<\/p>\n<p><strong>Bob Raynolds<\/strong>, g\u00e9ologue senior au mus\u00e9e, consid\u00e8re cette d\u00e9couverte comme une opportunit\u00e9 unique. \u00c0 ses yeux, ce fossile prouve que le sol urbain rec\u00e8le encore des myst\u00e8res. Il insiste d\u2019ailleurs sur le fait qu\u2019un simple forage peut transformer notre vision de l\u2019histoire naturelle locale. Selon lui, ces croisements entre \u00e9cologie et recherche scientifique m\u00e9ritent d\u2019\u00eatre encourag\u00e9s et soutenus.<\/p>\n<p>Lire aussi <a href=\"https:\/\/dailygeekshow.com\/cannibalisme-prehistorique-enfant\/\" rel=\"nofollow noopener\" target=\"_blank\">Il y a 850 000 ans, ces anciens humains cannibalisaient de tr\u00e8s jeunes enfants<\/a><\/p>\n<p>Finalement, cette vert\u00e8bre raconte deux r\u00e9cits : celui d\u2019un dinosaure oubli\u00e9, et celui d\u2019un mus\u00e9e qui, en creusant sous ses fondations, red\u00e9couvre le pass\u00e9. Ainsi, il est permis d\u2019imaginer que d\u2019autres secrets dorment encore sous nos pieds, attendant qu\u2019une curiosit\u00e9 scientifique les r\u00e9veille.<\/p>\n","protected":false},"excerpt":{"rendered":"Sous les dalles d\u2019un parking du Colorado, ce fossile de dinosaure a refait surface apr\u00e8s des millions d\u2019ann\u00e9es&hellip;\n","protected":false},"author":2,"featured_media":284847,"comment_status":"","ping_status":"","sticky":false,"template":"","format":"standard","meta":{"footnotes":""},"categories":[7],"tags":[1011,27,43,40,41,39,42,44],"class_list":{"0":"post-284846","1":"post","2":"type-post","3":"status-publish","4":"format-standard","5":"has-post-thumbnail","7":"category-sciences-et-technologies","8":"tag-fr","9":"tag-france","10":"tag-science","11":"tag-science-and-technology","12":"tag-sciences","13":"tag-sciences-et-technologies","14":"tag-technologies","15":"tag-technology"},"share_on_mastodon":{"url":"https:\/\/pubeurope.com\/@fr\/114943450418300519","error":""},"_links":{"self":[{"href":"https:\/\/www.europesays.com\/fr\/wp-json\/wp\/v2\/posts\/284846","targetHints":{"allow":["GET"]}}],"collection":[{"href":"https:\/\/www.europesays.com\/fr\/wp-json\/wp\/v2\/posts"}],"about":[{"href":"https:\/\/www.europesays.com\/fr\/wp-json\/wp\/v2\/types\/post"}],"author":[{"embeddable":true,"href":"https:\/\/www.europesays.com\/fr\/wp-json\/wp\/v2\/users\/2"}],"replies":[{"embeddable":true,"href":"https:\/\/www.europesays.com\/fr\/wp-json\/wp\/v2\/comments?post=284846"}],"version-history":[{"count":0,"href":"https:\/\/www.europesays.com\/fr\/wp-json\/wp\/v2\/posts\/284846\/revisions"}],"wp:featuredmedia":[{"embeddable":true,"href":"https:\/\/www.europesays.com\/fr\/wp-json\/wp\/v2\/media\/284847"}],"wp:attachment":[{"href":"https:\/\/www.europesays.com\/fr\/wp-json\/wp\/v2\/media?parent=284846"}],"wp:term":[{"taxonomy":"category","embeddable":true,"href":"https:\/\/www.europesays.com\/fr\/wp-json\/wp\/v2\/categories?post=284846"},{"taxonomy":"post_tag","embeddable":true,"href":"https:\/\/www.europesays.com\/fr\/wp-json\/wp\/v2\/tags?post=284846"}],"curies":[{"name":"wp","href":"https:\/\/api.w.org\/{rel}","templated":true}]}}