{"id":284854,"date":"2025-07-30T17:53:11","date_gmt":"2025-07-30T17:53:11","guid":{"rendered":"https:\/\/www.europesays.com\/fr\/284854\/"},"modified":"2025-07-30T17:53:11","modified_gmt":"2025-07-30T17:53:11","slug":"une-retraitee-meurt-du-botulisme-une-enquete-ouverte","status":"publish","type":"post","link":"https:\/\/www.europesays.com\/fr\/284854\/","title":{"rendered":"une retrait\u00e9e meurt du botulisme, une enqu\u00eate ouverte"},"content":{"rendered":"<p class=\"article-p mdl\">Une retrait\u00e9e hospitalis\u00e9e depuis plusieurs semaines <strong>apr\u00e8s une contamination par la toxine du botulisme<\/strong> dans le Maine-et-Loire, est d\u00e9c\u00e9d\u00e9e dans la soir\u00e9e du lundi 28 juillet, a-t-on appris ce mercredi aupr\u00e8s du procureur d&rsquo;Angers, \u00c9ric Bouillard, qui a annonc\u00e9 l&rsquo;ouverture d&rsquo;une enqu\u00eate en recherche des causes de la mort.\u00a0<\/p>\n<p class=\"article-p mdl\">Le botulisme est \u00ab\u00a0l&rsquo;hypoth\u00e8se principale \u00e9mise par l&rsquo;ARS\u00a0\u00bb (Agence r\u00e9gionale de sant\u00e9) pour expliquer le d\u00e9c\u00e8s de cette femme, qui avait \u00ab\u00a0pr\u00e9par\u00e9 les conserves\u00a0\u00bb de carottes suspect\u00e9es <strong>d&rsquo;avoir contamin\u00e9 des couples de personnes retrait\u00e9es<\/strong>, hospitalis\u00e9es entre le 7 et le 14 juillet, a pr\u00e9cis\u00e9 le magistrat, confirmant une information du Courrier de l&rsquo;Ouest.\u00a0<\/p>\n<p class=\"article-p mdl\">Selon un communiqu\u00e9 de l&rsquo;ARS du 17 juillet, six personnes avaient \u00e9t\u00e9 hospitalis\u00e9es apr\u00e8s avoir \u00ab\u00a0partag\u00e9, \u00e0 des moments diff\u00e9rents, un g\u00e2teau \u00e0 la carotte r\u00e9alis\u00e9 \u00e0 partir de carottes mises en bocal par l&rsquo;un des couples\u00a0\u00bb. <strong>\u00ab\u00a0Aucun de ces aliments n&rsquo;a \u00e9t\u00e9 commercialis\u00e9\u00a0\u00bb<\/strong>, soulignait l&rsquo;ARS.<\/p>\n<p class=\"article-p mdl\">\u00c9ric Bouillard a indiqu\u00e9 mercredi qu&rsquo;une des victimes de la contamination se trouvait <strong>toujours \u00ab\u00a0en r\u00e9animation\u00a0\u00bb<\/strong> et une autre \u00e9tait toujours hospitalis\u00e9e mais <strong>dans un \u00ab\u00a0\u00e9tat moins grave\u00a0\u00bb<\/strong>. Une quatri\u00e8me personne avait regagn\u00e9 son domicile.<\/p>\n<p class=\"article-p mdl\"><a class=\"link\" href=\"https:\/\/www.rtl.fr\/actu\/sante\/botulisme-des-pots-de-creme-fraiche-vendus-chez-intermarche-rappeles-dans-toute-la-france-7900525157\" title=\"Botulisme : Intermarch\u00e9 et les autorit\u00e9s annulent le rappel des pots de cr\u00e8me fra\u00eeche\" target=\"_blank\" rel=\"noopener\">Le botulisme<\/a>\u00a0est une affection neurologique rare et grave, <strong>mortelle dans 5 \u00e0 10% des cas<\/strong>, provoqu\u00e9e par une toxine tr\u00e8s puissante produite par une bact\u00e9rie qui se d\u00e9veloppe dans les aliments mal conserv\u00e9s, faute de st\u00e9rilisation suffisante.<\/p>\n<p class=\"article-p mdl\">Du 1er janvier 2018 au 31 d\u00e9cembre 2024, 74 foyers de botulisme ont \u00e9t\u00e9 d\u00e9clar\u00e9s en France m\u00e9tropolitaine, <strong>totalisant 122 cas<\/strong>, dont 107 cas hospitalis\u00e9s et 1 d\u00e9c\u00e8s, selon des donn\u00e9es de Sant\u00e9 publique France.<\/p>\n<p>    La r\u00e9daction vous recommande<\/p>\n<p class=\"s-newsletter__title\">\n                L\u2019actualit\u00e9 par la r\u00e9daction de RTL dans votre bo\u00eete mail.\n            <\/p>\n<p class=\"s-newsletter__subtitle\">\n                Gr\u00e2ce \u00e0 votre compte RTL abonnez-vous \u00e0 la newsletter RTL info pour suivre toute l&rsquo;actualit\u00e9 au quotidien\n            <\/p>\n<p>\n                                    Lire la suite\n                                <\/p>\n","protected":false},"excerpt":{"rendered":"Une retrait\u00e9e hospitalis\u00e9e depuis plusieurs semaines apr\u00e8s une contamination par la toxine du botulisme dans le Maine-et-Loire, est&hellip;\n","protected":false},"author":2,"featured_media":284855,"comment_status":"","ping_status":"","sticky":false,"template":"","format":"standard","meta":{"footnotes":""},"categories":[2],"tags":[11,898,1067,107,1011,27,226,12],"class_list":{"0":"post-284854","1":"post","2":"type-post","3":"status-publish","4":"format-standard","5":"has-post-thumbnail","7":"category-actualites","8":"tag-actualites","9":"tag-alerte","10":"tag-enquete","11":"tag-fil-info","12":"tag-fr","13":"tag-france","14":"tag-maladie","15":"tag-news"},"share_on_mastodon":{"url":"https:\/\/pubeurope.com\/@fr\/114943466142650348","error":""},"_links":{"self":[{"href":"https:\/\/www.europesays.com\/fr\/wp-json\/wp\/v2\/posts\/284854","targetHints":{"allow":["GET"]}}],"collection":[{"href":"https:\/\/www.europesays.com\/fr\/wp-json\/wp\/v2\/posts"}],"about":[{"href":"https:\/\/www.europesays.com\/fr\/wp-json\/wp\/v2\/types\/post"}],"author":[{"embeddable":true,"href":"https:\/\/www.europesays.com\/fr\/wp-json\/wp\/v2\/users\/2"}],"replies":[{"embeddable":true,"href":"https:\/\/www.europesays.com\/fr\/wp-json\/wp\/v2\/comments?post=284854"}],"version-history":[{"count":0,"href":"https:\/\/www.europesays.com\/fr\/wp-json\/wp\/v2\/posts\/284854\/revisions"}],"wp:featuredmedia":[{"embeddable":true,"href":"https:\/\/www.europesays.com\/fr\/wp-json\/wp\/v2\/media\/284855"}],"wp:attachment":[{"href":"https:\/\/www.europesays.com\/fr\/wp-json\/wp\/v2\/media?parent=284854"}],"wp:term":[{"taxonomy":"category","embeddable":true,"href":"https:\/\/www.europesays.com\/fr\/wp-json\/wp\/v2\/categories?post=284854"},{"taxonomy":"post_tag","embeddable":true,"href":"https:\/\/www.europesays.com\/fr\/wp-json\/wp\/v2\/tags?post=284854"}],"curies":[{"name":"wp","href":"https:\/\/api.w.org\/{rel}","templated":true}]}}