{"id":284856,"date":"2025-07-30T17:54:30","date_gmt":"2025-07-30T17:54:30","guid":{"rendered":"https:\/\/www.europesays.com\/fr\/284856\/"},"modified":"2025-07-30T17:54:30","modified_gmt":"2025-07-30T17:54:30","slug":"en-balade-sur-les-traces-du-corbusier-a-firminy-vert","status":"publish","type":"post","link":"https:\/\/www.europesays.com\/fr\/284856\/","title":{"rendered":"en balade sur les traces du\u00a0Corbusier \u00e0 Firminy-Vert"},"content":{"rendered":"<p>C\u2019est au c\u0153ur de ce quartier que Charles-\u00c9douard Jeanneret-Gris, dit Le Corbusier, a con\u00e7u son ensemble architectural le plus important en Europe\u00a0: une \u00ab ville dans la ville \u00bb, fa\u00e7onn\u00e9e selon les principes du \u00ab\u00a0soleil, de la verdure et de l\u2019espace\u00a0\u00bb.<\/p>\n<p>Ce tr\u00e9sor du patrimoine, on le doit \u00e0 Eug\u00e8ne Claudius-Petit, \u00e9lu maire de Firminy en 1953. Au sortir de la guerre, la majorit\u00e9 des b\u00e2timents du centre-ville sont insalubres, d\u00e9pourvus d\u2019\u00e9lectricit\u00e9 et d\u2019eau courante. L\u2019\u00e9dile d\u00e9cide alors de cr\u00e9er un nouveau quartier, moderne et confortable\u00a0: Firminy-Vert.<\/p>\n<p>  Une unit\u00e9 d&rsquo;habitation pens\u00e9e comme une ville verticale<\/p>\n<p>Il fait appel \u00e0 plusieurs architectes, dont Le Corbusier, qui con\u00e7oit plusieurs \u00e9difices favorisant le vivre-ensemble\u00a0: une maison de la Culture, un stade, une\u00a0\u00e9glise et une \u00ab\u00a0unit\u00e9 d\u2019habitation\u00a0\u00bb, pens\u00e9e comme une \u00ab\u00a0ville verticale\u00a0\u00bb.<\/p>\n<p>Des visites guid\u00e9es du site permettent de plonger dans l\u2019univers de cet architecte visionnaire, entre b\u00e9ton et nature, culture du corps et de l\u2019esprit.<\/p>\n","protected":false},"excerpt":{"rendered":"C\u2019est au c\u0153ur de ce quartier que Charles-\u00c9douard Jeanneret-Gris, dit Le Corbusier, a con\u00e7u son ensemble architectural le&hellip;\n","protected":false},"author":2,"featured_media":284857,"comment_status":"","ping_status":"","sticky":false,"template":"","format":"standard","meta":{"footnotes":""},"categories":[9653],"tags":[1111,11,2430,1687,1777,674,1011,27,37062,12,2661,25,4001,6003],"class_list":{"0":"post-284856","1":"post","2":"type-post","3":"status-publish","4":"format-standard","5":"has-post-thumbnail","7":"category-saint-etienne","8":"tag-actu","9":"tag-actualites","10":"tag-auvergne-rhone-alpes","11":"tag-culture-loisirs","12":"tag-eu","13":"tag-europe","14":"tag-fr","15":"tag-france","16":"tag-guide-de-lete","17":"tag-news","18":"tag-patrimoine-culturel","19":"tag-republique-francaise","20":"tag-saint-etienne","21":"tag-saone-et-loire"},"share_on_mastodon":{"url":"https:\/\/pubeurope.com\/@fr\/114943470053823229","error":""},"_links":{"self":[{"href":"https:\/\/www.europesays.com\/fr\/wp-json\/wp\/v2\/posts\/284856","targetHints":{"allow":["GET"]}}],"collection":[{"href":"https:\/\/www.europesays.com\/fr\/wp-json\/wp\/v2\/posts"}],"about":[{"href":"https:\/\/www.europesays.com\/fr\/wp-json\/wp\/v2\/types\/post"}],"author":[{"embeddable":true,"href":"https:\/\/www.europesays.com\/fr\/wp-json\/wp\/v2\/users\/2"}],"replies":[{"embeddable":true,"href":"https:\/\/www.europesays.com\/fr\/wp-json\/wp\/v2\/comments?post=284856"}],"version-history":[{"count":0,"href":"https:\/\/www.europesays.com\/fr\/wp-json\/wp\/v2\/posts\/284856\/revisions"}],"wp:featuredmedia":[{"embeddable":true,"href":"https:\/\/www.europesays.com\/fr\/wp-json\/wp\/v2\/media\/284857"}],"wp:attachment":[{"href":"https:\/\/www.europesays.com\/fr\/wp-json\/wp\/v2\/media?parent=284856"}],"wp:term":[{"taxonomy":"category","embeddable":true,"href":"https:\/\/www.europesays.com\/fr\/wp-json\/wp\/v2\/categories?post=284856"},{"taxonomy":"post_tag","embeddable":true,"href":"https:\/\/www.europesays.com\/fr\/wp-json\/wp\/v2\/tags?post=284856"}],"curies":[{"name":"wp","href":"https:\/\/api.w.org\/{rel}","templated":true}]}}