{"id":284858,"date":"2025-07-30T17:55:22","date_gmt":"2025-07-30T17:55:22","guid":{"rendered":"https:\/\/www.europesays.com\/fr\/284858\/"},"modified":"2025-07-30T17:55:22","modified_gmt":"2025-07-30T17:55:22","slug":"le-chantier-du-bac-passe-cheval-a-saint-etienne-de-chigny","status":"publish","type":"post","link":"https:\/\/www.europesays.com\/fr\/284858\/","title":{"rendered":"\ufeffle chantier du bac passe-cheval \u00e0 Saint-\u00c9tienne-de-Chigny"},"content":{"rendered":"<p>C\u2019est parti\u00a0! Le chantier de construction du bateau lig\u00e9rien de type passe-cheval, mis en \u0153uvre par l\u2019association des Bateliers de Saint-\u00c9tienne-de-Chigny, vient de d\u00e9buter. Mi-juillet\u00a02025, le mat\u00e9riau principal \u2013 des planches de ch\u00eane, au poids total de cinq tonnes \u2013 finissait d\u2019\u00eatre livr\u00e9 sur l\u2019\u00eele Buda \u00e0 proximit\u00e9 de la guinguette&#8230;. <\/p>\n<p>    Cet article a \u00e9t\u00e9 tronqu\u00e9. Abonnez-vous pour lire l&rsquo;article complet sur notre site.<\/p>\n<p style=\"margin: 0 !important; padding: 0 !important; font-size: 12px !important;\">Cet article a \u00e9t\u00e9 tronqu\u00e9. Abonnez-vous pour lire l&rsquo;article complet.<\/p>\n<p>    <a href=\"https:\/\/www.lanouvellerepublique.fr\/abonnements\" style=\"display: inline-block; margin-top: 5px !important; padding: 6px 12px !important; background: #cb1c27; color: white; text-decoration: none; border-radius: 4px; font-size: 12px !important;\" rel=\"nofollow noopener\" target=\"_blank\"><br \/>\n      S&rsquo;abonner<br \/>\n    <\/a><\/p>\n","protected":false},"excerpt":{"rendered":"C\u2019est parti\u00a0! Le chantier de construction du bateau lig\u00e9rien de type passe-cheval, mis en \u0153uvre par l\u2019association des&hellip;\n","protected":false},"author":2,"featured_media":284859,"comment_status":"","ping_status":"","sticky":false,"template":"","format":"standard","meta":{"footnotes":""},"categories":[9653],"tags":[1392,1111,11,2430,1777,674,1011,27,1393,12,2551,25,4001,13222,42383],"class_list":{"0":"post-284858","1":"post","2":"type-post","3":"status-publish","4":"format-standard","5":"has-post-thumbnail","7":"category-saint-etienne","8":"tag-a-la-une-local","9":"tag-actu","10":"tag-actualites","11":"tag-auvergne-rhone-alpes","12":"tag-eu","13":"tag-europe","14":"tag-fr","15":"tag-france","16":"tag-loisirs","17":"tag-news","18":"tag-patrimoine","19":"tag-republique-francaise","20":"tag-saint-etienne","21":"tag-saint-etienne-de-chigny","22":"tag-sorties-en-bateau"},"share_on_mastodon":{"url":"https:\/\/pubeurope.com\/@fr\/114943473976938299","error":""},"_links":{"self":[{"href":"https:\/\/www.europesays.com\/fr\/wp-json\/wp\/v2\/posts\/284858","targetHints":{"allow":["GET"]}}],"collection":[{"href":"https:\/\/www.europesays.com\/fr\/wp-json\/wp\/v2\/posts"}],"about":[{"href":"https:\/\/www.europesays.com\/fr\/wp-json\/wp\/v2\/types\/post"}],"author":[{"embeddable":true,"href":"https:\/\/www.europesays.com\/fr\/wp-json\/wp\/v2\/users\/2"}],"replies":[{"embeddable":true,"href":"https:\/\/www.europesays.com\/fr\/wp-json\/wp\/v2\/comments?post=284858"}],"version-history":[{"count":0,"href":"https:\/\/www.europesays.com\/fr\/wp-json\/wp\/v2\/posts\/284858\/revisions"}],"wp:featuredmedia":[{"embeddable":true,"href":"https:\/\/www.europesays.com\/fr\/wp-json\/wp\/v2\/media\/284859"}],"wp:attachment":[{"href":"https:\/\/www.europesays.com\/fr\/wp-json\/wp\/v2\/media?parent=284858"}],"wp:term":[{"taxonomy":"category","embeddable":true,"href":"https:\/\/www.europesays.com\/fr\/wp-json\/wp\/v2\/categories?post=284858"},{"taxonomy":"post_tag","embeddable":true,"href":"https:\/\/www.europesays.com\/fr\/wp-json\/wp\/v2\/tags?post=284858"}],"curies":[{"name":"wp","href":"https:\/\/api.w.org\/{rel}","templated":true}]}}