{"id":284860,"date":"2025-07-30T17:56:11","date_gmt":"2025-07-30T17:56:11","guid":{"rendered":"https:\/\/www.europesays.com\/fr\/284860\/"},"modified":"2025-07-30T17:56:11","modified_gmt":"2025-07-30T17:56:11","slug":"hadigny-les-verrieres-le-festival-klap-klap-en-avant-premiere-au-village","status":"publish","type":"post","link":"https:\/\/www.europesays.com\/fr\/284860\/","title":{"rendered":"Hadigny-les-Verri\u00e8res. Le festival Klap Klap en avant-premi\u00e8re au village"},"content":{"rendered":"<p>Le quinzi\u00e8me plus long festival de cin\u00e9ma, le festival Klap Klap du court-m\u00e9trage, se d\u00e9roulera \u00e0 la MJC Desforges \u00e0 Nancy du 11 au 30\u00a0ao\u00fbt\u00a0: \u00ab\u00a0Le plus long festival dans la plus vieille MJC qui f\u00eate ses 80 ans, le premier festival par, et pour les jeunes et ceux qui le sont rest\u00e9s.\u00a0\u00bb<\/p>\n<p>Jean-Luc Nicolle, coordinateur g\u00e9n\u00e9ral du festival, et Th\u00e9o Soler, coordinateur technique charg\u00e9 de communication \u00e0&#8230;<\/p>\n","protected":false},"excerpt":{"rendered":"Le quinzi\u00e8me plus long festival de cin\u00e9ma, le festival Klap Klap du court-m\u00e9trage, se d\u00e9roulera \u00e0 la MJC&hellip;\n","protected":false},"author":2,"featured_media":284861,"comment_status":"","ping_status":"","sticky":false,"template":"","format":"standard","meta":{"footnotes":""},"categories":[9635],"tags":[1111,11,10220,650,1687,1796,1777,674,1011,27,775,42384,1702,12,25],"class_list":{"0":"post-284860","1":"post","2":"type-post","3":"status-publish","4":"format-standard","5":"has-post-thumbnail","7":"category-nancy","8":"tag-actu","9":"tag-actualites","10":"tag-ca-depinal-88a2","11":"tag-cinema","12":"tag-culture-loisirs","13":"tag-edition-epinal","14":"tag-eu","15":"tag-europe","16":"tag-fr","17":"tag-france","18":"tag-grand-est","19":"tag-hadigny-les-verrieres","20":"tag-nancy","21":"tag-news","22":"tag-republique-francaise"},"share_on_mastodon":{"url":"https:\/\/pubeurope.com\/@fr\/114943477958858956","error":""},"_links":{"self":[{"href":"https:\/\/www.europesays.com\/fr\/wp-json\/wp\/v2\/posts\/284860","targetHints":{"allow":["GET"]}}],"collection":[{"href":"https:\/\/www.europesays.com\/fr\/wp-json\/wp\/v2\/posts"}],"about":[{"href":"https:\/\/www.europesays.com\/fr\/wp-json\/wp\/v2\/types\/post"}],"author":[{"embeddable":true,"href":"https:\/\/www.europesays.com\/fr\/wp-json\/wp\/v2\/users\/2"}],"replies":[{"embeddable":true,"href":"https:\/\/www.europesays.com\/fr\/wp-json\/wp\/v2\/comments?post=284860"}],"version-history":[{"count":0,"href":"https:\/\/www.europesays.com\/fr\/wp-json\/wp\/v2\/posts\/284860\/revisions"}],"wp:featuredmedia":[{"embeddable":true,"href":"https:\/\/www.europesays.com\/fr\/wp-json\/wp\/v2\/media\/284861"}],"wp:attachment":[{"href":"https:\/\/www.europesays.com\/fr\/wp-json\/wp\/v2\/media?parent=284860"}],"wp:term":[{"taxonomy":"category","embeddable":true,"href":"https:\/\/www.europesays.com\/fr\/wp-json\/wp\/v2\/categories?post=284860"},{"taxonomy":"post_tag","embeddable":true,"href":"https:\/\/www.europesays.com\/fr\/wp-json\/wp\/v2\/tags?post=284860"}],"curies":[{"name":"wp","href":"https:\/\/api.w.org\/{rel}","templated":true}]}}