{"id":284868,"date":"2025-07-30T18:00:13","date_gmt":"2025-07-30T18:00:13","guid":{"rendered":"https:\/\/www.europesays.com\/fr\/284868\/"},"modified":"2025-07-30T18:00:13","modified_gmt":"2025-07-30T18:00:13","slug":"une-vague-de-cambriolages-stoppee-par-des-riverains-reactifs","status":"publish","type":"post","link":"https:\/\/www.europesays.com\/fr\/284868\/","title":{"rendered":"une vague de cambriolages stopp\u00e9e par des riverains r\u00e9actifs"},"content":{"rendered":"<p>            Par<br \/>\n        <strong><br \/>\n            <a href=\"https:\/\/actu.fr\/auteur\/lea-pippinato\" title=\"Consulter tous les articles de L\u00e9a Pippinato\" rel=\"nofollow noopener\" target=\"_blank\">L\u00e9a Pippinato<\/a><br \/>\n        <\/strong><\/p>\n<p>        Publi\u00e9 le<\/p>\n<p>            30 juil. 2025 \u00e0 19h37        <\/p>\n<p><strong>Trois cambriolages<\/strong>, trois sc\u00e8nes distinctes, mais une m\u00eame constante : l\u2019intrusion, \u00e0 toute heure, et souvent en pleine audace.<strong> Ce mardi 29 juillet 2025<\/strong>, aux alentours de 10h45, un habitant de l\u2019avenue Saint-Lazare, \u00e0 <strong>Montpellier<\/strong>, remarque <strong>un comportement suspect<\/strong>. Il observe des individus qui semble <strong>s\u2019introduire chez ses voisins<\/strong>, absents pour les vacances. L\u2019homme alerte imm\u00e9diatement <strong>la police nationale<\/strong>. Lorsque les forces de l\u2019ordre arrivent sur place, les auteurs ont d\u00e9j\u00e0 pris la fuite.<\/p>\n<p>    <a href=\"https:\/\/www.google.com\/maps\/embed?pb=!1m18!1m12!1m3!1d2888.250552378412!2d3.885367075622841!3d43.62214385443976!2m3!1f0!2f0!3f0!3m2!1i1024!2i768!4f13.1!3m3!1m2!1s0x12b6af6c3cb911f5%3A0x58b25afec6f47859!2sAv.%20Saint-Lazare%2C%20Montpellier!5e0!3m2!1sfr!2sfr!4v1753896900683!5m2!1sfr!2sfr\" title=\"Ouvrie le lien\" rel=\"nofollow noopener\" target=\"_blank\">Cliquez ici pour visualiser le contenu<\/a><\/p>\n<p class=\" wall-content\">Le signalement communiqu\u00e9 parle d\u2019un couple de jeunes. Peu apr\u00e8s, les policiers rep\u00e8rent deux adolescents correspondant \u00e0 la description. Les suspects tentent de se s\u00e9parer pour \u00e9chapper \u00e0 la surveillance. La BAC (brigade anti-criminalit\u00e9) interpelle le gar\u00e7on. Il vient tout juste de jeter deux cartes bancaires vol\u00e9es. La jeune fille est intercept\u00e9e par une \u00e9quipe de police secours. Elle venait de se d\u00e9barrasser de bijoux en or, retrouv\u00e9s et rendus \u00e0 leurs propri\u00e9taires. Les constatations men\u00e9es dans la maison confirment une effraction. Un volet a \u00e9t\u00e9 forc\u00e9, une porte-fen\u00eatre bris\u00e9e. L\u2019int\u00e9rieur de la maison a \u00e9t\u00e9 int\u00e9gralement fouill\u00e9. Les suspects, tous deux de nationalit\u00e9 italienne, sont \u00e2g\u00e9s de 13 ans. Apr\u00e8s leur garde \u00e0 vue, ils ont \u00e9t\u00e9 plac\u00e9s en foyer.<\/p>\n<p>Nuit agit\u00e9e dans le quartier H\u00f4pitaux-Facult\u00e9s<\/p>\n<p class=\" wall-content\">Dans la nuit de mardi \u00e0 mercredi, vers 1h du matin, un autre cambriolage se produit \u00e0 Montpellier, avenue de l\u2019Abb\u00e9 Paul Parguel, quartier H\u00f4pitaux-Facult\u00e9s. Ce soir-l\u00e0, une riveraine remarque une intrusion chez ses voisins absents et contacte la police nationale. Les premiers agents sur place constatent des d\u00e9g\u00e2ts : une vitre bris\u00e9e, une porte-fen\u00eatre enfonc\u00e9e, des pi\u00e8ces fouill\u00e9es. L\u2019habitation est vaste, ce qui complique l\u2019intervention. Pourtant, les policiers finissent par surprendre un homme en pleine fouille d\u2019une armoire. Il explique chercher un endroit o\u00f9 passer la nuit. \u00c2g\u00e9 de 28 ans, de nationalit\u00e9 alg\u00e9rienne, il est plac\u00e9 en garde \u00e0 vue et se trouve toujours dans les locaux de police.\u00a0<\/p>\n<p class=\" wall-content\">\u00c0 3h du matin, cette fois \u00e0 Lattes, un homme rentre chez lui apr\u00e8s avoir promen\u00e9 son chien. Il d\u00e9couvre un individu en train de forcer la baie vitr\u00e9e de son logement. Avec son beau-p\u00e8re, ils retiennent l\u2019intrus jusqu\u2019\u00e0 l\u2019arriv\u00e9e de la police municipale. Le suspect est interpell\u00e9 sans r\u00e9sistance. Il a 29 ans, est de nationalit\u00e9 alg\u00e9rienne et fait l\u2019objet d\u2019une OQTF (obligation de quitter le territoire fran\u00e7ais) depuis le 18 juillet, d\u00e9livr\u00e9e par la pr\u00e9fecture de l\u2019H\u00e9rault. Lui aussi a \u00e9t\u00e9 plac\u00e9 en garde \u00e0 vue.<\/p>\n<p>Vid\u00e9os : en ce moment sur Actu<\/p>\n<p class=\" wall-content\">Suivez toute l\u2019actualit\u00e9 de vos villes et m\u00e9dias favoris en vous inscrivant \u00e0 <a href=\"https:\/\/moncompte.actu.fr\" title=\"D\u00e9couvez Mon Actu\" rel=\"nofollow noopener\" data-trk=\"{&quot;cta&quot;:{&quot;action&quot;:&quot;https:\\\/\\\/moncompte.actu.fr&quot;,&quot;category&quot;:&quot;mon compte&quot;,&quot;from&quot;:&quot;article footer&quot;,&quot;name&quot;:&quot;Mon actu&quot;,&quot;type&quot;:&quot;cta&quot;}}\" target=\"_blank\">Mon Actu<\/a>.<\/p>\n","protected":false},"excerpt":{"rendered":"Par L\u00e9a Pippinato Publi\u00e9 le 30 juil. 2025 \u00e0 19h37 Trois cambriolages, trois sc\u00e8nes distinctes, mais une m\u00eame&hellip;\n","protected":false},"author":2,"featured_media":284869,"comment_status":"","ping_status":"","sticky":false,"template":"","format":"standard","meta":{"footnotes":""},"categories":[9599],"tags":[1111,11,1777,674,118,1011,27,303,2208,12,2680,1072,25],"class_list":{"0":"post-284868","1":"post","2":"type-post","3":"status-publish","4":"format-standard","5":"has-post-thumbnail","7":"category-montpellier","8":"tag-actu","9":"tag-actualites","10":"tag-eu","11":"tag-europe","12":"tag-faits-divers","13":"tag-fr","14":"tag-france","15":"tag-justice","16":"tag-montpellier","17":"tag-news","18":"tag-occitanie","19":"tag-police","20":"tag-republique-francaise"},"share_on_mastodon":{"url":"https:\/\/pubeurope.com\/@fr\/114943493649230839","error":""},"_links":{"self":[{"href":"https:\/\/www.europesays.com\/fr\/wp-json\/wp\/v2\/posts\/284868","targetHints":{"allow":["GET"]}}],"collection":[{"href":"https:\/\/www.europesays.com\/fr\/wp-json\/wp\/v2\/posts"}],"about":[{"href":"https:\/\/www.europesays.com\/fr\/wp-json\/wp\/v2\/types\/post"}],"author":[{"embeddable":true,"href":"https:\/\/www.europesays.com\/fr\/wp-json\/wp\/v2\/users\/2"}],"replies":[{"embeddable":true,"href":"https:\/\/www.europesays.com\/fr\/wp-json\/wp\/v2\/comments?post=284868"}],"version-history":[{"count":0,"href":"https:\/\/www.europesays.com\/fr\/wp-json\/wp\/v2\/posts\/284868\/revisions"}],"wp:featuredmedia":[{"embeddable":true,"href":"https:\/\/www.europesays.com\/fr\/wp-json\/wp\/v2\/media\/284869"}],"wp:attachment":[{"href":"https:\/\/www.europesays.com\/fr\/wp-json\/wp\/v2\/media?parent=284868"}],"wp:term":[{"taxonomy":"category","embeddable":true,"href":"https:\/\/www.europesays.com\/fr\/wp-json\/wp\/v2\/categories?post=284868"},{"taxonomy":"post_tag","embeddable":true,"href":"https:\/\/www.europesays.com\/fr\/wp-json\/wp\/v2\/tags?post=284868"}],"curies":[{"name":"wp","href":"https:\/\/api.w.org\/{rel}","templated":true}]}}