{"id":284872,"date":"2025-07-30T18:03:12","date_gmt":"2025-07-30T18:03:12","guid":{"rendered":"https:\/\/www.europesays.com\/fr\/284872\/"},"modified":"2025-07-30T18:03:12","modified_gmt":"2025-07-30T18:03:12","slug":"retranche-chez-lui-avec-de-lessence-un-homme-interpelle-par-le-raid","status":"publish","type":"post","link":"https:\/\/www.europesays.com\/fr\/284872\/","title":{"rendered":"retranch\u00e9 chez lui avec de l\u2019essence, un homme interpell\u00e9 par le RAID"},"content":{"rendered":"<p>            Par<br \/>\n        <strong><br \/>\n            <a href=\"https:\/\/actu.fr\/auteur\/chloe-lentier\" title=\"Consulter tous les articles de Chlo\u00e9 LENTIER\" rel=\"nofollow noopener\" target=\"_blank\">Chlo\u00e9 LENTIER<\/a><br \/>\n        <\/strong><\/p>\n<p>        Publi\u00e9 le<\/p>\n<p>            30 juil. 2025 \u00e0 17h59        <\/p>\n<p>Tout commence t\u00f4t dans la matin\u00e9e de ce mercredi 30\u00a0juillet 2025, au niveau de la rue de l\u2019\u00c9glise, \u00e0 <a href=\"https:\/\/actu.fr\/normandie\/cleon_76178\" rel=\"nofollow noopener\" target=\"_blank\">Cl\u00e9on<\/a> (Seine-Maritime). Selon les informations de <a href=\"https:\/\/www.paris-normandie.fr\/id649305\/article\/2025-07-30\/pres-de-rouen-les-policiers-du-raid-attendus-pour-un-homme-retranche-chez-lui\" rel=\"nofollow noopener\" target=\"_blank\">Paris-Normandie<\/a>, un habitant du quartier sort son <b>chien<\/b> comme \u00e0 son habitude. Il est alors abord\u00e9 par un homme qui dit le conna\u00eetre, puis la <b>situation<\/b> d\u00e9g\u00e9n\u00e8re. L\u2019individu tente de l\u2019<b>agresser<\/b> et repart avec son chien.<\/p>\n<p class=\" wall-content\">Les forces de l\u2019ordre, appel\u00e9es rapidement, arrivent sur place. Mais le suspect s\u2019est retranch\u00e9 dans son <b>appartement<\/b> du rez-de-chauss\u00e9e, avec sa compagne et leur fils adolescent. La porte est <b>barricad\u00e9e<\/b> avec des meubles, et une forte <b>odeur d\u2019essence<\/b> s\u2019\u00e9chappe du logement.<\/p>\n<p>Un important dispositif d\u00e9ploy\u00e9<\/p>\n<p class=\" wall-content\">Tr\u00e8s vite, un large <b>p\u00e9rim\u00e8tre de s\u00e9curit\u00e9<\/b> est mis en place. Pompiers, policiers et n\u00e9gociateurs, se rendent sur place. L\u2019immeuble ENESCO est \u00e9vacu\u00e9 vers 11\u2009h\u200915.<\/p>\n<p class=\" wall-content\">\u00ab\u2009La police est venue frapper \u00e0 nos portes pour nous faire <b>sortir<\/b>, confie une habitante du b\u00e2timent. Ils ont m\u00eame pris les cl\u00e9s de mon appartement pour voir sa configuration. J\u2019habite ici depuis 49\u00a0ans, c\u2019est la premi\u00e8re fois que je vois \u00e7a.\u2009\u00bb<\/p>\n<p class=\" wall-content\">L\u2019<b>\u00e9quipe municipale<\/b> ouvre imm\u00e9diatement la m\u00e9diath\u00e8que pour mettre les riverains \u00e0 l\u2019abri et leur offrir un repas. \u00ab\u2009Elle a \u00e9t\u00e9 tr\u00e8s r\u00e9active\u2009\u00bb, souligne cette m\u00eame t\u00e9moin.<\/p>\n<p>L\u2019homme mena\u00e7ait de mettre le feu<\/p>\n<p class=\" wall-content\">Lors de la <b>conf\u00e9rence de presse<\/b> tenue sur place par le pr\u00e9fet en fin d\u2019apr\u00e8s-midi, les autorit\u00e9s ont d\u00e9taill\u00e9 les faits\u2009: \u00ab\u2009La situation s\u2019est malheureusement tr\u00e8s vite envenim\u00e9e. L\u2019individu refusait d\u2019entrer en relation avec les <b>policiers<\/b>, puis les a menac\u00e9s en jetant de l\u2019essence, avec l\u2019intention manifest\u00e9e de peut-\u00eatre y mettre le feu.\u2009\u00bb<\/p>\n<p>Vid\u00e9os : en ce moment sur Actu<\/p>\n<p class=\" wall-content\">Malgr\u00e9 des <b>tentatives de n\u00e9gociation<\/b>, la tension reste vive. Le <b>RAID <\/b>est requis et tente \u00e0 son tour de parlementer. En vain.<\/p>\n<p>Interpellation sans bless\u00e9<\/p>\n<p class=\" wall-content\">Peu apr\u00e8s 16\u00a0heures, le RAID intervient. L\u2019homme, \u00e2g\u00e9 d\u2019une quarantaine d\u2019ann\u00e9es, est interpell\u00e9 \u00ab\u2009sans difficult\u00e9\u2009\u00bb pr\u00e9cise le <b>pr\u00e9fet<\/b>. Il est plac\u00e9 en <b>garde \u00e0 vue<\/b> pour vol, outrage et menaces. Le chien vol\u00e9 est retrouv\u00e9 dans l\u2019appartement, tout comme la compagne du suspect et leur fils, \u00ab\u2009presque majeur\u2009\u00bb.<\/p>\n<p class=\" wall-content\">La compagne est elle aussi plac\u00e9e en garde \u00e0 vue, soup\u00e7onn\u00e9e d\u2019avoir fait obstacle \u00e0 l\u2019<b>intervention des secours<\/b>. Le jeune gar\u00e7on, quant \u00e0 lui, a \u00e9t\u00e9 mis en s\u00e9curit\u00e9. \u00ab\u2009Une <b>expertise psychologique<\/b> ou psychiatrique sera ordonn\u00e9e\u2009\u00bb, a indiqu\u00e9 le pr\u00e9fet.<\/p>\n<p>Enqu\u00eate en cours<\/p>\n<p class=\" wall-content\">Le quadrag\u00e9naire est connu des <b>services de police<\/b> pour des faits sans lien avec cette affaire.\u00a0Des analyses toxicologiques vont \u00e9galement \u00eatre effectu\u00e9es pour voir si l\u2019individu \u00e9tait sous <b>l\u2019emprise de l\u2019alcool<\/b>. L\u2019enqu\u00eate se poursuit.<\/p>\n<p class=\" wall-content\">Suivez toute l\u2019actualit\u00e9 de vos villes et m\u00e9dias favoris en vous inscrivant \u00e0 <a href=\"https:\/\/moncompte.actu.fr\" title=\"D\u00e9couvez Mon Actu\" rel=\"nofollow noopener\" data-trk=\"{&quot;cta&quot;:{&quot;action&quot;:&quot;https:\\\/\\\/moncompte.actu.fr&quot;,&quot;category&quot;:&quot;mon compte&quot;,&quot;from&quot;:&quot;article footer&quot;,&quot;name&quot;:&quot;Mon actu&quot;,&quot;type&quot;:&quot;cta&quot;}}\" target=\"_blank\">Mon Actu<\/a>.<\/p>\n","protected":false},"excerpt":{"rendered":"Par Chlo\u00e9 LENTIER Publi\u00e9 le 30 juil. 2025 \u00e0 17h59 Tout commence t\u00f4t dans la matin\u00e9e de ce&hellip;\n","protected":false},"author":2,"featured_media":284873,"comment_status":"","ping_status":"","sticky":false,"template":"","format":"standard","meta":{"footnotes":""},"categories":[9587],"tags":[1111,11,1777,674,118,1011,27,12,5161,1072,8989,25,9590],"class_list":{"0":"post-284872","1":"post","2":"type-post","3":"status-publish","4":"format-standard","5":"has-post-thumbnail","7":"category-rouen","8":"tag-actu","9":"tag-actualites","10":"tag-eu","11":"tag-europe","12":"tag-faits-divers","13":"tag-fr","14":"tag-france","15":"tag-news","16":"tag-normandie","17":"tag-police","18":"tag-raid","19":"tag-republique-francaise","20":"tag-rouen"},"share_on_mastodon":{"url":"https:\/\/pubeurope.com\/@fr\/114943505395809122","error":""},"_links":{"self":[{"href":"https:\/\/www.europesays.com\/fr\/wp-json\/wp\/v2\/posts\/284872","targetHints":{"allow":["GET"]}}],"collection":[{"href":"https:\/\/www.europesays.com\/fr\/wp-json\/wp\/v2\/posts"}],"about":[{"href":"https:\/\/www.europesays.com\/fr\/wp-json\/wp\/v2\/types\/post"}],"author":[{"embeddable":true,"href":"https:\/\/www.europesays.com\/fr\/wp-json\/wp\/v2\/users\/2"}],"replies":[{"embeddable":true,"href":"https:\/\/www.europesays.com\/fr\/wp-json\/wp\/v2\/comments?post=284872"}],"version-history":[{"count":0,"href":"https:\/\/www.europesays.com\/fr\/wp-json\/wp\/v2\/posts\/284872\/revisions"}],"wp:featuredmedia":[{"embeddable":true,"href":"https:\/\/www.europesays.com\/fr\/wp-json\/wp\/v2\/media\/284873"}],"wp:attachment":[{"href":"https:\/\/www.europesays.com\/fr\/wp-json\/wp\/v2\/media?parent=284872"}],"wp:term":[{"taxonomy":"category","embeddable":true,"href":"https:\/\/www.europesays.com\/fr\/wp-json\/wp\/v2\/categories?post=284872"},{"taxonomy":"post_tag","embeddable":true,"href":"https:\/\/www.europesays.com\/fr\/wp-json\/wp\/v2\/tags?post=284872"}],"curies":[{"name":"wp","href":"https:\/\/api.w.org\/{rel}","templated":true}]}}