{"id":284882,"date":"2025-07-30T18:08:10","date_gmt":"2025-07-30T18:08:10","guid":{"rendered":"https:\/\/www.europesays.com\/fr\/284882\/"},"modified":"2025-07-30T18:08:10","modified_gmt":"2025-07-30T18:08:10","slug":"strasbourg-six-cours-decoles-vegetalisees-sont-ouvertes-au-public-jusquau-24-aout","status":"publish","type":"post","link":"https:\/\/www.europesays.com\/fr\/284882\/","title":{"rendered":"Strasbourg. Six cours d\u2019\u00e9coles v\u00e9g\u00e9talis\u00e9es sont ouvertes au public jusqu\u2019au 24\u00a0ao\u00fbt"},"content":{"rendered":"<p>\u00ab\u00a0Cet \u00e9t\u00e9, mes enfants me demandent tous les jours d\u2019aller \u00e0 l\u2019\u00e9cole\u00a0!\u00a0\u00bb s\u2019exclame en riant S\u00e9loua, une habitante du quartier. Install\u00e9e sur un transat en libre-service de la cour v\u00e9g\u00e9talis\u00e9e de l\u2019\u00e9cole \u00e9l\u00e9mentaire Albert-Le Grand, au Neudorf, \u00e0 Strasbourg, elle regarde ses deux fils de 4 et 9 ans jouer au ballon. Aujourd\u2019hui, ils participent \u00e0 une initiation de basket propos\u00e9e par le RCS Basket. \u00ab\u00a0Nous faisons partie de la quinzaine d\u2019associations qui animent les cours cet \u00e9t\u00e9\u00a0\u00bb, explique Youssef Katiri, pr\u00e9sident du club.<\/p>\n<p>Louvois, Schoepflin, Canardi\u00e8re\u2026<\/p>\n<p>Pendant&#8230;<\/p>\n","protected":false},"excerpt":{"rendered":"\u00ab\u00a0Cet \u00e9t\u00e9, mes enfants me demandent tous les jours d\u2019aller \u00e0 l\u2019\u00e9cole\u00a0!\u00a0\u00bb s\u2019exclame en riant S\u00e9loua, une habitante&hellip;\n","protected":false},"author":2,"featured_media":284883,"comment_status":"","ping_status":"","sticky":false,"template":"","format":"standard","meta":{"footnotes":""},"categories":[2820],"tags":[1111,11,2880,436,1777,674,107,1011,27,775,12,25,104,640,2879],"class_list":{"0":"post-284882","1":"post","2":"type-post","3":"status-publish","4":"format-standard","5":"has-post-thumbnail","7":"category-strasbourg","8":"tag-actu","9":"tag-actualites","10":"tag-edition-strasbourg","11":"tag-environnement","12":"tag-eu","13":"tag-europe","14":"tag-fil-info","15":"tag-fr","16":"tag-france","17":"tag-grand-est","18":"tag-news","19":"tag-republique-francaise","20":"tag-societe","21":"tag-strasbourg","22":"tag-strasbourg-ville"},"share_on_mastodon":{"url":"https:\/\/pubeurope.com\/@fr\/114943525046386589","error":""},"_links":{"self":[{"href":"https:\/\/www.europesays.com\/fr\/wp-json\/wp\/v2\/posts\/284882","targetHints":{"allow":["GET"]}}],"collection":[{"href":"https:\/\/www.europesays.com\/fr\/wp-json\/wp\/v2\/posts"}],"about":[{"href":"https:\/\/www.europesays.com\/fr\/wp-json\/wp\/v2\/types\/post"}],"author":[{"embeddable":true,"href":"https:\/\/www.europesays.com\/fr\/wp-json\/wp\/v2\/users\/2"}],"replies":[{"embeddable":true,"href":"https:\/\/www.europesays.com\/fr\/wp-json\/wp\/v2\/comments?post=284882"}],"version-history":[{"count":0,"href":"https:\/\/www.europesays.com\/fr\/wp-json\/wp\/v2\/posts\/284882\/revisions"}],"wp:featuredmedia":[{"embeddable":true,"href":"https:\/\/www.europesays.com\/fr\/wp-json\/wp\/v2\/media\/284883"}],"wp:attachment":[{"href":"https:\/\/www.europesays.com\/fr\/wp-json\/wp\/v2\/media?parent=284882"}],"wp:term":[{"taxonomy":"category","embeddable":true,"href":"https:\/\/www.europesays.com\/fr\/wp-json\/wp\/v2\/categories?post=284882"},{"taxonomy":"post_tag","embeddable":true,"href":"https:\/\/www.europesays.com\/fr\/wp-json\/wp\/v2\/tags?post=284882"}],"curies":[{"name":"wp","href":"https:\/\/api.w.org\/{rel}","templated":true}]}}