{"id":284884,"date":"2025-07-30T18:09:11","date_gmt":"2025-07-30T18:09:11","guid":{"rendered":"https:\/\/www.europesays.com\/fr\/284884\/"},"modified":"2025-07-30T18:09:11","modified_gmt":"2025-07-30T18:09:11","slug":"strasbourg-et-truchtersheim-deux-operations-de-demoustication-apres-la-decouverte-dun-cas-de-zika","status":"publish","type":"post","link":"https:\/\/www.europesays.com\/fr\/284884\/","title":{"rendered":"Strasbourg et Truchtersheim. Deux op\u00e9rations de d\u00e9moustication apr\u00e8s la d\u00e9couverte d\u2019un cas de Zika"},"content":{"rendered":"<p>L\u2019op\u00e9ration de d\u00e9moustication, men\u00e9e dans la nuit de mardi \u00e0 mercredi \u00e0 Truchtersheim et Strasbourg, s\u2019est d\u00e9roul\u00e9e normalement d\u2019apr\u00e8s le Syndicat de lutte contre les moustiques du Bas-Rhin (SLM 67). Elle est intervenue suite \u00e0 la d\u00e9couverte d\u2019un cas de Zika chez une personne qui avait effectu\u00e9 un s\u00e9jour en Indon\u00e9sie, o\u00f9 le virus circule activement d\u2019apr\u00e8s l\u2019Agence r\u00e9gionale de sant\u00e9 (ARS) du Grand Est.<\/p>\n<p>Pr\u00e9sentant les sympt\u00f4mes typiques de la maladie (fi\u00e8vre, maux de t\u00eate, courbatures, \u00e9ruptions cutan\u00e9es) celle-ci s\u2019est rendue chez un m\u00e9decin qui a diagnostiqu\u00e9 le virus et en a inform\u00e9 l\u2019ARS. L\u2019enqu\u00eate et les contr\u00f4les effectu\u00e9s sur&#8230;<\/p>\n","protected":false},"excerpt":{"rendered":"L\u2019op\u00e9ration de d\u00e9moustication, men\u00e9e dans la nuit de mardi \u00e0 mercredi \u00e0 Truchtersheim et Strasbourg, s\u2019est d\u00e9roul\u00e9e normalement&hellip;\n","protected":false},"author":2,"featured_media":284885,"comment_status":"","ping_status":"","sticky":false,"template":"","format":"standard","meta":{"footnotes":""},"categories":[2820],"tags":[1111,11,2389,2880,436,1777,674,107,1011,27,775,12,25,71,7770,640,18463],"class_list":{"0":"post-284884","1":"post","2":"type-post","3":"status-publish","4":"format-standard","5":"has-post-thumbnail","7":"category-strasbourg","8":"tag-actu","9":"tag-actualites","10":"tag-alsace","11":"tag-edition-strasbourg","12":"tag-environnement","13":"tag-eu","14":"tag-europe","15":"tag-fil-info","16":"tag-fr","17":"tag-france","18":"tag-grand-est","19":"tag-news","20":"tag-republique-francaise","21":"tag-sante","22":"tag-secteur-de-truchtersheim","23":"tag-strasbourg","24":"tag-truchtersheim"},"share_on_mastodon":{"url":"https:\/\/pubeurope.com\/@fr\/114943529064800173","error":""},"_links":{"self":[{"href":"https:\/\/www.europesays.com\/fr\/wp-json\/wp\/v2\/posts\/284884","targetHints":{"allow":["GET"]}}],"collection":[{"href":"https:\/\/www.europesays.com\/fr\/wp-json\/wp\/v2\/posts"}],"about":[{"href":"https:\/\/www.europesays.com\/fr\/wp-json\/wp\/v2\/types\/post"}],"author":[{"embeddable":true,"href":"https:\/\/www.europesays.com\/fr\/wp-json\/wp\/v2\/users\/2"}],"replies":[{"embeddable":true,"href":"https:\/\/www.europesays.com\/fr\/wp-json\/wp\/v2\/comments?post=284884"}],"version-history":[{"count":0,"href":"https:\/\/www.europesays.com\/fr\/wp-json\/wp\/v2\/posts\/284884\/revisions"}],"wp:featuredmedia":[{"embeddable":true,"href":"https:\/\/www.europesays.com\/fr\/wp-json\/wp\/v2\/media\/284885"}],"wp:attachment":[{"href":"https:\/\/www.europesays.com\/fr\/wp-json\/wp\/v2\/media?parent=284884"}],"wp:term":[{"taxonomy":"category","embeddable":true,"href":"https:\/\/www.europesays.com\/fr\/wp-json\/wp\/v2\/categories?post=284884"},{"taxonomy":"post_tag","embeddable":true,"href":"https:\/\/www.europesays.com\/fr\/wp-json\/wp\/v2\/tags?post=284884"}],"curies":[{"name":"wp","href":"https:\/\/api.w.org\/{rel}","templated":true}]}}