{"id":284886,"date":"2025-07-30T18:10:09","date_gmt":"2025-07-30T18:10:09","guid":{"rendered":"https:\/\/www.europesays.com\/fr\/284886\/"},"modified":"2025-07-30T18:10:09","modified_gmt":"2025-07-30T18:10:09","slug":"pour-luniversitaire-lucile-sassatelli-les-outils-dia-visant-a-ameliorer-la-vie-des-gens-sont-tres-minoritaires","status":"publish","type":"post","link":"https:\/\/www.europesays.com\/fr\/284886\/","title":{"rendered":"pour l&rsquo;universitaire Lucile Sassatelli, \u00ab\u00a0les outils d&rsquo;IA visant \u00e0 am\u00e9liorer la vie des gens sont tr\u00e8s minoritaires\u00a0\u00bb"},"content":{"rendered":"<p><strong>Il y a un domaine dans lequel l&rsquo;arriv\u00e9e de l&rsquo;intelligence artificielle (IA) suscite des craintes, c&rsquo;est celui du travail o\u00f9 l&rsquo;on redoute un remplacement de l&rsquo;homme par la machine. Faut-il s&rsquo;en inqui\u00e9ter ou s&rsquo;attendre, \u00e0 l&rsquo;instar de ce qui s&rsquo;est produit avec r\u00e9volution industrielle, \u00e0 un simple bouleversement transitoire\u00a0?<\/strong>&#13;\n<\/p>\n<p>Je crois que l&rsquo;on est sur le m\u00eame sch\u00e9ma que celui observ\u00e9 \u00e0 l&rsquo;\u00e9poque de la r\u00e9volution industrielle et je crois qu&rsquo;il faut s&rsquo;en inqui\u00e9ter. On est face \u00e0 des avanc\u00e9es technologiques mais, comme au XIXe\u00a0si\u00e8cle, celles-ci ne vont am\u00e9liorer ni les conditions de travail ni la qualit\u00e9 de ce qui est produit. Les int\u00e9r\u00eats et les dynamiques de pouvoir qui sont \u00e0 l&rsquo;\u0153uvre am\u00e8nent l&rsquo;industrie \u00e0 utiliser l&rsquo;IA pour automatiser certaines t\u00e2ches mais l&rsquo;objectif est moins souvent d&rsquo;am\u00e9liorer la qualit\u00e9 de ce qui va \u00eatre produit &#8211; on ne sera pas au niveau de ce que fait l&rsquo;humain &#8211; que d&rsquo;accro\u00eetre le contr\u00f4le et les gains.<\/p>\n<p><strong>Justement, que sait-on des retomb\u00e9es \u00e9conomiques de l&rsquo;IA\u00a0?<\/strong>&#13;\n<\/p>\n<p>Ce qu&rsquo;on peut dire, c&rsquo;est que les perspectives de gains \u00e9conomiques li\u00e9s \u00e0 l&rsquo;utilisation de l&rsquo;IA sont largement revues \u00e0 la baisse ces derniers temps. C&rsquo;est notamment ce qu&rsquo;ont mis au jour les travaux de Daron Acemoglu, le prix Nobel d&rsquo;\u00e9conomie 2024.<\/p>\n<p>Des inqui\u00e9tudes sur l&rsquo;utilisation de l&rsquo;IA dans le domaine de l&rsquo;\u00e9ducation<\/p>\n<p><strong>En mati\u00e8re d&rsquo;\u00e9ducation, d\u2019aucuns voient dans l&rsquo;IA la promesse d&rsquo;enseignements personnalis\u00e9s plus efficaces, mais aussi la possibilit\u00e9 de se faire aider dans des devoirs complexes. Ne serait-ce pas la fin du projet \u00e9ducatif moderne\u00a0: celui qui vise \u00e0 autonomiser l&rsquo;individu pour en faire un citoyen\u00a0?<\/strong>&#13;\n<\/p>\n<p>L&rsquo;IA ne peut nous dispenser de r\u00e9fl\u00e9chir \u00e0 ce qu&rsquo;est l&rsquo;\u00e9ducation et \u00e0 ce que sont ses objectifs. Si l&rsquo;objectif de l&rsquo;\u00e9ducation est de fabriquer des individus autonomes, dot\u00e9s d&rsquo;esprit critique, d&#8217;empathie, de conscience du monde, il faut se demander en quoi l&rsquo;utilisation d&rsquo;outils d&rsquo;IA peut \u00eatre utile. C&rsquo;est une question \u00e0 laquelle on n&rsquo;a pas encore r\u00e9pondu. Mais plusieurs travaux scientifiques commencent \u00e0 montrer les effets n\u00e9fastes de l&rsquo;utilisation des outils d&rsquo;IA grand public dans le processus d&rsquo;apprentissage des \u00e9l\u00e8ves. Car l&rsquo;usage de l&rsquo;IA permet d&rsquo;arriver \u00e0 un r\u00e9sultat &#8211; exemple\u00a0: la production d&rsquo;un \u00e9crit &#8211; en court-circuitant les \u00e9tapes qui constituent le c\u0153ur de ce qu&rsquo;est l&rsquo;\u00e9ducation, \u00e0 savoir l&rsquo;acquisition des comp\u00e9tences n\u00e9cessaires pour arriver \u00e0 ce r\u00e9sultat.<\/p>\n","protected":false},"excerpt":{"rendered":"Il y a un domaine dans lequel l&rsquo;arriv\u00e9e de l&rsquo;intelligence artificielle (IA) suscite des craintes, c&rsquo;est celui du&hellip;\n","protected":false},"author":2,"featured_media":284887,"comment_status":"","ping_status":"","sticky":false,"template":"","format":"standard","meta":{"footnotes":""},"categories":[2819],"tags":[17,1111,11,42388,1057,1777,674,1011,27,42385,151,42386,12,2401,28050,471,882,25,42387],"class_list":{"0":"post-284886","1":"post","2":"type-post","3":"status-publish","4":"format-standard","5":"has-post-thumbnail","7":"category-nice","8":"tag-17","9":"tag-actu","10":"tag-actualites","11":"tag-dia","12":"tag-education","13":"tag-eu","14":"tag-europe","15":"tag-fr","16":"tag-france","17":"tag-luniversitaire","18":"tag-les","19":"tag-lucile","20":"tag-news","21":"tag-nice","22":"tag-outils","23":"tag-pour","24":"tag-provence-alpes-cote-dazur","25":"tag-republique-francaise","26":"tag-sassatelli"},"share_on_mastodon":{"url":"https:\/\/pubeurope.com\/@fr\/114943532938819370","error":""},"_links":{"self":[{"href":"https:\/\/www.europesays.com\/fr\/wp-json\/wp\/v2\/posts\/284886","targetHints":{"allow":["GET"]}}],"collection":[{"href":"https:\/\/www.europesays.com\/fr\/wp-json\/wp\/v2\/posts"}],"about":[{"href":"https:\/\/www.europesays.com\/fr\/wp-json\/wp\/v2\/types\/post"}],"author":[{"embeddable":true,"href":"https:\/\/www.europesays.com\/fr\/wp-json\/wp\/v2\/users\/2"}],"replies":[{"embeddable":true,"href":"https:\/\/www.europesays.com\/fr\/wp-json\/wp\/v2\/comments?post=284886"}],"version-history":[{"count":0,"href":"https:\/\/www.europesays.com\/fr\/wp-json\/wp\/v2\/posts\/284886\/revisions"}],"wp:featuredmedia":[{"embeddable":true,"href":"https:\/\/www.europesays.com\/fr\/wp-json\/wp\/v2\/media\/284887"}],"wp:attachment":[{"href":"https:\/\/www.europesays.com\/fr\/wp-json\/wp\/v2\/media?parent=284886"}],"wp:term":[{"taxonomy":"category","embeddable":true,"href":"https:\/\/www.europesays.com\/fr\/wp-json\/wp\/v2\/categories?post=284886"},{"taxonomy":"post_tag","embeddable":true,"href":"https:\/\/www.europesays.com\/fr\/wp-json\/wp\/v2\/tags?post=284886"}],"curies":[{"name":"wp","href":"https:\/\/api.w.org\/{rel}","templated":true}]}}