{"id":284893,"date":"2025-07-30T18:14:16","date_gmt":"2025-07-30T18:14:16","guid":{"rendered":"https:\/\/www.europesays.com\/fr\/284893\/"},"modified":"2025-07-30T18:14:16","modified_gmt":"2025-07-30T18:14:16","slug":"le-virus-du-chikungunya-invalide-pour-lenfant-de-5-ans-hospitalise-en-gironde","status":"publish","type":"post","link":"https:\/\/www.europesays.com\/fr\/284893\/","title":{"rendered":"Le virus du chikungunya invalid\u00e9 pour l&rsquo;enfant de 5 ans hospitalis\u00e9 en Gironde"},"content":{"rendered":"<p>            Par<br \/>\n        <strong><br \/>\n            <a href=\"https:\/\/actu.fr\/auteur\/bpeyre\" title=\"Consulter tous les articles de Bernard Peyr\u00e9\" target=\"_blank\" rel=\"noopener\">Bernard Peyr\u00e9<\/a><br \/>\n        <\/strong><\/p>\n<p>        Publi\u00e9 le<\/p>\n<p>            30 juil. 2025 \u00e0 19h50        <\/p>\n<p>Un cas autochtone de<a href=\"https:\/\/actu.fr\/?s=chikungunya\" target=\"_blank\" rel=\"noopener\"> chikungunya<\/a> a \u00e9t\u00e9 d\u00e9tect\u00e9 le lundi 28 juillet 2025 <a href=\"https:\/\/actu.fr\/nouvelle-aquitaine\/dax_40088\/un-cas-autochtone-de-chikungunya-dans-les-landes-personne-piquee-demoustication-enquete-ce-que-l-on-sait_62970162.html\" target=\"_blank\" rel=\"noopener\">dans les Landes<\/a>, il a \u00e9t\u00e9 confirm\u00e9 par le Centre national de r\u00e9f\u00e9rence (CNR) des arboviroses indique l\u2019<a href=\"https:\/\/www.nouvelle-aquitaine.ars.sante.fr\/\" target=\"_blank\" rel=\"noopener\">Agence R\u00e9gionale de Sant\u00e9 Nouvelle-Aquitaine<\/a>.<\/p>\n<p class=\" wall-content\">\u00ab\u2009La personne r\u00e9side dans les Landes (<b>Dax<\/b>) et a \u00e9t\u00e9 amen\u00e9e, par ses activit\u00e9s, \u00e0 se d\u00e9placer dans plusieurs lieux du d\u00e9partement. Son \u00e9tat de sant\u00e9 n\u2019inspire pas d\u2019inqui\u00e9tudes\u2009\u00bb, pr\u00e9cise l\u2019ARS dans un communiqu\u00e9.<\/p>\n<p class=\" wall-content\">L\u2019Agence R\u00e9gionale de Sant\u00e9 ajoute \u00e9galement que les<b> investigations compl\u00e9mentaires<\/b> r\u00e9alis\u00e9es chez <a href=\"https:\/\/actu.fr\/nouvelle-aquitaine\/illats_33205\/un-enfant-de-5-ans-infecte-par-le-chikungunya-en-gironde-ce-que-lon-sait_62858783.html\" target=\"_blank\" rel=\"noopener\">l\u2019enfant de 5\u00a0ans \u00e0 Illats<\/a> en Gironde, le 2 juillet dernier, suspect\u00e9 d\u2019\u00eatre un cas autochtone, ont<b> invalid\u00e9 le diagnostic d\u2019infection par le virus du chikungunya.<\/b><\/p>\n<blockquote class=\"ac-article-quote wall-content\">\n<p>A posteriori, des r\u00e9sultats discordants ont \u00e9t\u00e9 retrouv\u00e9s par le CNR des arboviroses entre les diff\u00e9rents pr\u00e9l\u00e8vements r\u00e9alis\u00e9s chez la personne d\u00e9clar\u00e9e comme un cas de chikungunya autochtone r\u00e9sidant en Gironde. Les investigations compl\u00e9mentaires r\u00e9alis\u00e9es chez cette personne ont finalement invalid\u00e9 le diagnostic d\u2019infection par le virus du chikungunya.<\/p>\n<p>ARS Nouvelle-Aquitaine<\/p><\/blockquote>\n<p class=\" wall-content\">L\u2019enfant avait d\u00fb \u00eatre <b>hospitalis\u00e9 le 2\u00a0juillet<\/b>. Il \u00e9tait rapidement sorti d\u2019hospitalisation, \u00ab\u2009son \u00e9tat de sant\u00e9 n\u2019inspirant pas d\u2019inqui\u00e9tude\u2009\u00bb.<\/p>\n<p>Vid\u00e9os : en ce moment sur ActuOp\u00e9rations de d\u00e9moustication<\/p>\n<p class=\" wall-content\">Des\u00a0<b>op\u00e9rations de d\u00e9moustication<\/b> avaient \u00e9t\u00e9 men\u00e9es dans le village par Altopictus, l\u2019op\u00e9rateur de suivi entomologique du moustique tigre de l\u2019ARS Nouvelle-Aquitaine en Gironde, sur<b>\u00a0<\/b>l\u2019espace public\u00a0et dans les jardins priv\u00e9s\u00a0autour des lieux fr\u00e9quent\u00e9s par l\u2019enfant\u00a0pendant sa p\u00e9riode de contagiosit\u00e9.<\/p>\n<p>Les cas de transmission en France depuis mai 2025<\/p>\n<p>Depuis le 1er mai 2025, d\u00e9but de la surveillance renforc\u00e9e et jusqu&rsquo;au 23 juillet, ont \u00e9t\u00e9 identifi\u00e9s en France :<br \/>&#13;<br \/>\n12 \u00e9pisodes de transmission autochtone de chikungunya et 3 \u00e9pisodes de transmission de dengue dans l&rsquo;hexagone (42 cas au total)<br \/>&#13;<br \/>\n833 cas import\u00e9s de chikungunya<br \/>&#13;<br \/>\n624 cas import\u00e9s de dengue<br \/>&#13;<br \/>\n2 cas import\u00e9s de Zika<\/p>\n<p>Qu\u2019est-ce qu\u2019un \u00ab\u00a0cas autochtone\u00a0\u00bb\u2009?<\/p>\n<p class=\" wall-content\">On parle de <b>cas autochtone<\/b> quand une personne\u00a0a contract\u00e9 la maladie <b>sur le territoire national <\/b>et n\u2019a pas voyag\u00e9 en zone contamin\u00e9e dans les 15\u00a0jours pr\u00e9c\u00e9dant l\u2019apparition des sympt\u00f4mes.<\/p>\n<p class=\" wall-content\">Pour rappel, le chikungunya\u00a0se transmet de personne \u00e0 personne, uniquement par l\u2019interm\u00e9diaire de la piq\u00fbre d\u2019un moustique (<b>moustique tigre<\/b> pr\u00e9sent en m\u00e9tropole) infect\u00e9 par le virus du chikungunya.<\/p>\n<p class=\" wall-content\">Suivez toute l\u2019actualit\u00e9 de vos villes et m\u00e9dias favoris en vous inscrivant \u00e0 <a href=\"https:\/\/moncompte.actu.fr\" title=\"D\u00e9couvez Mon Actu\" rel=\"nofollow noopener\" data-trk=\"{&quot;cta&quot;:{&quot;action&quot;:&quot;https:\\\/\\\/moncompte.actu.fr&quot;,&quot;category&quot;:&quot;mon compte&quot;,&quot;from&quot;:&quot;article footer&quot;,&quot;name&quot;:&quot;Mon actu&quot;,&quot;type&quot;:&quot;cta&quot;}}\" target=\"_blank\">Mon Actu<\/a>.<\/p>\n","protected":false},"excerpt":{"rendered":"Par Bernard Peyr\u00e9 Publi\u00e9 le 30 juil. 2025 \u00e0 19h50 Un cas autochtone de chikungunya a \u00e9t\u00e9 d\u00e9tect\u00e9&hellip;\n","protected":false},"author":2,"featured_media":284894,"comment_status":"","ping_status":"","sticky":false,"template":"","format":"standard","meta":{"footnotes":""},"categories":[2817],"tags":[1111,11,1997,1777,674,118,1011,27,226,2856,12,2219,25,71],"class_list":{"0":"post-284893","1":"post","2":"type-post","3":"status-publish","4":"format-standard","5":"has-post-thumbnail","7":"category-bordeaux","8":"tag-actu","9":"tag-actualites","10":"tag-bordeaux","11":"tag-eu","12":"tag-europe","13":"tag-faits-divers","14":"tag-fr","15":"tag-france","16":"tag-maladie","17":"tag-moustique-tigre","18":"tag-news","19":"tag-nouvelle-aquitaine","20":"tag-republique-francaise","21":"tag-sante"},"share_on_mastodon":{"url":"https:\/\/pubeurope.com\/@fr\/114943548682805149","error":""},"_links":{"self":[{"href":"https:\/\/www.europesays.com\/fr\/wp-json\/wp\/v2\/posts\/284893","targetHints":{"allow":["GET"]}}],"collection":[{"href":"https:\/\/www.europesays.com\/fr\/wp-json\/wp\/v2\/posts"}],"about":[{"href":"https:\/\/www.europesays.com\/fr\/wp-json\/wp\/v2\/types\/post"}],"author":[{"embeddable":true,"href":"https:\/\/www.europesays.com\/fr\/wp-json\/wp\/v2\/users\/2"}],"replies":[{"embeddable":true,"href":"https:\/\/www.europesays.com\/fr\/wp-json\/wp\/v2\/comments?post=284893"}],"version-history":[{"count":0,"href":"https:\/\/www.europesays.com\/fr\/wp-json\/wp\/v2\/posts\/284893\/revisions"}],"wp:featuredmedia":[{"embeddable":true,"href":"https:\/\/www.europesays.com\/fr\/wp-json\/wp\/v2\/media\/284894"}],"wp:attachment":[{"href":"https:\/\/www.europesays.com\/fr\/wp-json\/wp\/v2\/media?parent=284893"}],"wp:term":[{"taxonomy":"category","embeddable":true,"href":"https:\/\/www.europesays.com\/fr\/wp-json\/wp\/v2\/categories?post=284893"},{"taxonomy":"post_tag","embeddable":true,"href":"https:\/\/www.europesays.com\/fr\/wp-json\/wp\/v2\/tags?post=284893"}],"curies":[{"name":"wp","href":"https:\/\/api.w.org\/{rel}","templated":true}]}}