{"id":284903,"date":"2025-07-30T18:19:12","date_gmt":"2025-07-30T18:19:12","guid":{"rendered":"https:\/\/www.europesays.com\/fr\/284903\/"},"modified":"2025-07-30T18:19:12","modified_gmt":"2025-07-30T18:19:12","slug":"sciences-po-lille-annule-linscription-dune-etudiante-gazaouie-accusee-dantisemitisme","status":"publish","type":"post","link":"https:\/\/www.europesays.com\/fr\/284903\/","title":{"rendered":"Sciences Po Lille annule l\u2019inscription d\u2019une \u00e9tudiante gazaouie accus\u00e9e d\u2019antis\u00e9mitisme"},"content":{"rendered":"<p>        <img decoding=\"async\" loading=\"lazy\" src=\"https:\/\/www.europesays.com\/fr\/wp-content\/uploads\/2025\/07\/31b0a93_upload-1-7gaggosgpsnl-afp-20240502-34qp7ff-v3-highres-francepalestinianisraelpoliticsconflic.jpeg\"  width=\"728\" height=\"409\" alt=\"Sciences Po Lille annule l\u2019inscription d\u2019une \u00e9tudiante gazaouie accus\u00e9e d\u2019antis\u00e9mitisme. (image d\u2019illustration)\"\/>  <\/p>\n<p>SAMEER AL-DOUMY \/ AFP<\/p>\n<p>Sciences Po Lille annule l\u2019inscription d\u2019une \u00e9tudiante gazaouie accus\u00e9e d\u2019antis\u00e9mitisme. (image d\u2019illustration)<\/p>\n<p class=\"asset asset-text\">ANTIS\u00c9MITISME &#8211; La d\u00e9cision a \u00e9t\u00e9 prise rapidement. L\u2019Institut d\u2019\u00e9tudes politiques de <a href=\"https:\/\/www.huffingtonpost.fr\/culture\/article\/les-fans-d-ed-sheeran-ont-eu-droit-a-un-invite-surprise-pour-son-concert-a-lille_251657.html\" rel=\"nofollow noopener\" target=\"_blank\">Lille<\/a> a annonc\u00e9 ce mercredi 30\u00a0juillet l\u2019annulation de l\u2019inscription d\u2019une \u00e9tudiante <a href=\"https:\/\/www.huffingtonpost.fr\/international\/article\/gaza-le-washington-post-publie-la-liste-vertigineuse-des-18-500-mineurs-tues-depuis-le-debut-de-la-guerre_253127.html\" rel=\"nofollow noopener\" target=\"_blank\">gazaouie<\/a>, apr\u00e8s avoir d\u00e9couvert des publications sur les r\u00e9seaux sociaux, d\u00e9nonc\u00e9es comme \u00ab\u00a0haineuses\u00a0\u00bb, \u00ab\u00a0antis\u00e9mites\u00a0\u00bb et relevant de l\u2019\u00ab\u00a0apologie du terrorisme\u00a0\u00bb ou \u00ab\u00a0de crimes contre l\u2019humanit\u00e9\u00a0\u00bb selon plusieurs membres du gouvernement, qui ont annonc\u00e9 que la justice a \u00e9t\u00e9 saisie.<\/p>\n<p class=\"asset asset-text\">\u00ab\u00a0Apr\u00e8s concertation avec le minist\u00e8re de l\u2019Enseignement sup\u00e9rieur et de la Recherche, le Rectorat de R\u00e9gion acad\u00e9mique et la Pr\u00e9fecture, la direction de Sciences Po Lille a pris la d\u00e9cision d\u2019annuler l\u2019inscription pr\u00e9vue de cette \u00e9tudiante dans notre \u00e9tablissement\u00a0\u00bb, \u00e9crit Sciences Po Lille sur son compte X.<\/p>\n<p class=\"asset asset-text\">Le contenu de certaines publications de cette \u00e9tudiante sur les r\u00e9seaux sociaux depuis deux ans \u00ab\u00a0entre en contradiction frontale avec les valeurs port\u00e9es par Sciences Po Lille, qui lutte contre toute forme de racisme, antis\u00e9mitisme et discrimination, ainsi que contre tout type d\u2019appel \u00e0 la haine, contre quelque population que ce soit\u00a0\u00bb, a soulign\u00e9 l\u2019\u00e9cole.<\/p>\n<p class=\"asset asset-text\">Dans une publication sur les r\u00e9seaux sociaux, l\u2019<a href=\"https:\/\/www.huffingtonpost.fr\/france\/video\/devant-la-sorbonne-on-a-suivi-les-vifs-debats-sur-gaza-provoques-par-la-table-du-dialogue-de-l-uejf_233525.html\" rel=\"nofollow noopener\" target=\"_blank\">Union des \u00c9tudiants Juifs de France<\/a> (UEJF) avait accus\u00e9 la jeune femme d\u2019avoir appel\u00e9 \u00e0 \u00ab\u00a0l\u2019extermination des Juifs\u00a0\u00bb et d\u2019avoir \u00ab\u00a0f\u00e9licit[\u00e9] Hitler\u00a0\u00bb. \u00ab\u00a0Sciences Po Lille ne peut pas \u00eatre une passerelle pour les discours n\u00e9onazis\u00a0\u00bb, avait affirm\u00e9 l\u2019association.<\/p>\n<p>                     Une \u00e9tudiante venue gr\u00e2ce consulat fran\u00e7ais \u00e0 J\u00e9rusalem    <\/p>\n<p class=\"asset asset-text\">Sollicit\u00e9 par l\u2019AFP, Sciences Po Lille a expliqu\u00e9 avoir \u00ab\u00a0accueilli cette \u00e9tudiante sur proposition du consulat g\u00e9n\u00e9ral de France \u00e0 J\u00e9rusalem\u00a0\u00bb. \u00ab\u00a0Elle est venue en France via la diplomatie fran\u00e7aise\u00a0\u00bb, pr\u00e9cise-t-on. La jeune fille a \u00e9t\u00e9 h\u00e9berg\u00e9e provisoirement dans le logement du directeur de Sciences Po Lille, o\u00f9 il ne vit plus, \u00ab\u00a0dans l\u2019attente du logement universitaire qui lui \u00e9tait r\u00e9serv\u00e9\u00a0\u00bb explique \u00e9galement l\u2019\u00e9tablissement.<\/p>\n<p class=\"asset asset-text\">\u00ab\u00a0Qu\u2019ils viennent de Gaza ou d\u2019ailleurs, des \u00e9tudiants internationaux tenant ou relayant de tels propos n\u2019ont pas leur place dans notre pays\u00a0\u00bb, avait \u00e9crit le ministre de l\u2019Enseignement sup\u00e9rieur <a href=\"https:\/\/www.huffingtonpost.fr\/politique\/article\/sur-l-islamo-gauchisme-elisabeth-borne-tape-sur-les-doigts-du-ministre-de-l-enseignement-superieur_252556.html\" rel=\"nofollow noopener\" target=\"_blank\">Philippe Baptiste<\/a> avant l\u2019annonce de la d\u00e9cision de Sciences Po Lille. \u00ab\u00a0J\u2019ai d\u2019ores et d\u00e9j\u00e0 fait saisir le procureur de la R\u00e9publique au titre de l\u2019article\u00a040\u00a0du code de proc\u00e9dure p\u00e9nale\u00a0\u00bb, avait-il pr\u00e9venu.<\/p>\n<p class=\"asset asset-text\">De son c\u00f4t\u00e9, le ministre de l\u2019Int\u00e9rieur <a href=\"https:\/\/www.huffingtonpost.fr\/politique\/article\/en-pleine-montee-de-tensions-emmanuel-macron-reporte-un-rendez-vous-attendu-avec-bruno-retailleau_252929.html\" rel=\"nofollow noopener\" target=\"_blank\">Bruno Retailleau<\/a> a soulign\u00e9 sur X avoir \u00ab\u00a0demand\u00e9 de faire fermer ce compte haineux, et donn\u00e9 instruction au pr\u00e9fet de saisir la justice\u00a0\u00bb, martelant\u00a0: \u00ab\u00a0les propagandistes du Hamas n\u2019ont rien \u00e0 faire dans notre pays\u00a0\u00bb. Le pr\u00e9fet du Nord a indiqu\u00e9 sur le m\u00eame r\u00e9seau avoir saisi le paquet de Lille \u00ab\u00a0\u00e0 la suite des propos intol\u00e9rables tenus sur les r\u00e9seaux sociaux\u00a0\u00bb.<\/p>\n<p class=\"asset asset-text\">La rectrice Sophie B\u00e9jean a annonc\u00e9, toujours sur X, son intention d\u2019effectuer un signalement \u00e0 la procureure. \u00ab\u00a0Aucun propos antis\u00e9mite et aucune apologie du terrorisme ne sont tol\u00e9rables dans les \u00e9tablissements universitaires\u00a0\u00bb, \u00e9crit-elle.<\/p>\n","protected":false},"excerpt":{"rendered":"SAMEER AL-DOUMY \/ AFP Sciences Po Lille annule l\u2019inscription d\u2019une \u00e9tudiante gazaouie accus\u00e9e d\u2019antis\u00e9mitisme. (image d\u2019illustration) ANTIS\u00c9MITISME &#8211;&hellip;\n","protected":false},"author":2,"featured_media":284904,"comment_status":"","ping_status":"","sticky":false,"template":"","format":"standard","meta":{"footnotes":""},"categories":[2815],"tags":[1111,11,6155,3259,1777,674,1011,27,811,1307,12,25,5516],"class_list":{"0":"post-284903","1":"post","2":"type-post","3":"status-publish","4":"format-standard","5":"has-post-thumbnail","7":"category-lille","8":"tag-actu","9":"tag-actualites","10":"tag-antisemitisme","11":"tag-conflit-israelo-palestinien","12":"tag-eu","13":"tag-europe","14":"tag-fr","15":"tag-france","16":"tag-hauts-de-france","17":"tag-lille","18":"tag-news","19":"tag-republique-francaise","20":"tag-sciences-po"},"share_on_mastodon":{"url":"https:\/\/pubeurope.com\/@fr\/114943568420467192","error":""},"_links":{"self":[{"href":"https:\/\/www.europesays.com\/fr\/wp-json\/wp\/v2\/posts\/284903","targetHints":{"allow":["GET"]}}],"collection":[{"href":"https:\/\/www.europesays.com\/fr\/wp-json\/wp\/v2\/posts"}],"about":[{"href":"https:\/\/www.europesays.com\/fr\/wp-json\/wp\/v2\/types\/post"}],"author":[{"embeddable":true,"href":"https:\/\/www.europesays.com\/fr\/wp-json\/wp\/v2\/users\/2"}],"replies":[{"embeddable":true,"href":"https:\/\/www.europesays.com\/fr\/wp-json\/wp\/v2\/comments?post=284903"}],"version-history":[{"count":0,"href":"https:\/\/www.europesays.com\/fr\/wp-json\/wp\/v2\/posts\/284903\/revisions"}],"wp:featuredmedia":[{"embeddable":true,"href":"https:\/\/www.europesays.com\/fr\/wp-json\/wp\/v2\/media\/284904"}],"wp:attachment":[{"href":"https:\/\/www.europesays.com\/fr\/wp-json\/wp\/v2\/media?parent=284903"}],"wp:term":[{"taxonomy":"category","embeddable":true,"href":"https:\/\/www.europesays.com\/fr\/wp-json\/wp\/v2\/categories?post=284903"},{"taxonomy":"post_tag","embeddable":true,"href":"https:\/\/www.europesays.com\/fr\/wp-json\/wp\/v2\/tags?post=284903"}],"curies":[{"name":"wp","href":"https:\/\/api.w.org\/{rel}","templated":true}]}}