{"id":284905,"date":"2025-07-30T18:20:12","date_gmt":"2025-07-30T18:20:12","guid":{"rendered":"https:\/\/www.europesays.com\/fr\/284905\/"},"modified":"2025-07-30T18:20:12","modified_gmt":"2025-07-30T18:20:12","slug":"tolerance-zero-sur-la-corniche","status":"publish","type":"post","link":"https:\/\/www.europesays.com\/fr\/284905\/","title":{"rendered":"tol\u00e9rance z\u00e9ro sur la Corniche"},"content":{"rendered":"<p>Il y avait du bleu ce mercredi 30 juillet apr\u00e8s-midi sur la <a href=\"https:\/\/www.laprovence.com\/article\/region\/43235669918069\/plongeon-depuis-la-corniche-a-marseille-les-contrevenants-convoques-en-mairie-pour-un-rappel-a-lordre\" target=\"_blank\" rel=\"noopener\">Corniche Kennedy, \u00e0 Marseille<\/a>. Pour rappeler l\u2019existence du Code de la route et des limitations de vitesse aux automobilistes peu scrupuleux, 25\u00a0agents de la <a href=\"https:\/\/www.laprovence.com\/article\/faits-divers-justice\/71557020186081\/des-medailles-et-de-nouveaux-effectifs-pour-la-police-municipale-de-marseille\" target=\"_blank\" rel=\"noopener\">police municipale<\/a> \u00e0 moto, en v\u00e9lo et \u00e0 pied se sont post\u00e9s pendant deux heures radar au poing entre le monument des rapatri\u00e9s d\u2019Alg\u00e9rie et le <a href=\"https:\/\/www.laprovence.com\/article\/region\/1006401910902215\/au-stade-nautique-florence-arthaud-a-marseille-le-haut-niveau-pour-tous\" target=\"_blank\" rel=\"noopener\">stade nautique Florence-Arthaud (8e)<\/a>.<\/p>\n","protected":false},"excerpt":{"rendered":"Il y avait du bleu ce mercredi 30 juillet apr\u00e8s-midi sur la Corniche Kennedy, \u00e0 Marseille. Pour rappeler&hellip;\n","protected":false},"author":2,"featured_media":284906,"comment_status":"","ping_status":"","sticky":false,"template":"","format":"standard","meta":{"footnotes":""},"categories":[2814],"tags":[17,1111,11,10787,1777,674,7077,1011,27,6203,884,12,882,16,25,17027,12556,6956],"class_list":{"0":"post-284905","1":"post","2":"type-post","3":"status-publish","4":"format-standard","5":"has-post-thumbnail","7":"category-marseille","8":"tag-17","9":"tag-actu","10":"tag-actualites","11":"tag-controles","12":"tag-eu","13":"tag-europe","14":"tag-exces","15":"tag-fr","16":"tag-france","17":"tag-heures","18":"tag-marseille","19":"tag-news","20":"tag-provence-alpes-cote-dazur","21":"tag-region","22":"tag-republique-francaise","23":"tag-routiers","24":"tag-tolerance","25":"tag-vitesse"},"share_on_mastodon":{"url":"https:\/\/pubeurope.com\/@fr\/114943572319584714","error":""},"_links":{"self":[{"href":"https:\/\/www.europesays.com\/fr\/wp-json\/wp\/v2\/posts\/284905","targetHints":{"allow":["GET"]}}],"collection":[{"href":"https:\/\/www.europesays.com\/fr\/wp-json\/wp\/v2\/posts"}],"about":[{"href":"https:\/\/www.europesays.com\/fr\/wp-json\/wp\/v2\/types\/post"}],"author":[{"embeddable":true,"href":"https:\/\/www.europesays.com\/fr\/wp-json\/wp\/v2\/users\/2"}],"replies":[{"embeddable":true,"href":"https:\/\/www.europesays.com\/fr\/wp-json\/wp\/v2\/comments?post=284905"}],"version-history":[{"count":0,"href":"https:\/\/www.europesays.com\/fr\/wp-json\/wp\/v2\/posts\/284905\/revisions"}],"wp:featuredmedia":[{"embeddable":true,"href":"https:\/\/www.europesays.com\/fr\/wp-json\/wp\/v2\/media\/284906"}],"wp:attachment":[{"href":"https:\/\/www.europesays.com\/fr\/wp-json\/wp\/v2\/media?parent=284905"}],"wp:term":[{"taxonomy":"category","embeddable":true,"href":"https:\/\/www.europesays.com\/fr\/wp-json\/wp\/v2\/categories?post=284905"},{"taxonomy":"post_tag","embeddable":true,"href":"https:\/\/www.europesays.com\/fr\/wp-json\/wp\/v2\/tags?post=284905"}],"curies":[{"name":"wp","href":"https:\/\/api.w.org\/{rel}","templated":true}]}}