{"id":284915,"date":"2025-07-30T18:26:10","date_gmt":"2025-07-30T18:26:10","guid":{"rendered":"https:\/\/www.europesays.com\/fr\/284915\/"},"modified":"2025-07-30T18:26:10","modified_gmt":"2025-07-30T18:26:10","slug":"a-paris-une-application-vous-aide-a-en-trouver-un-en-bon-etat","status":"publish","type":"post","link":"https:\/\/www.europesays.com\/fr\/284915\/","title":{"rendered":"\u00e0 Paris, une application vous aide \u00e0 en trouver un en bon \u00e9tat"},"content":{"rendered":"<p>            Par<br \/>\n        <strong><br \/>\n            <a href=\"https:\/\/actu.fr\/auteur\/ines-cussac-actu-fr\" title=\"Consulter tous les articles de In\u00e8s Cussac\" target=\"_blank\" rel=\"noopener\">In\u00e8s Cussac<\/a><br \/>\n        <\/strong><\/p>\n<p>        Publi\u00e9 le<\/p>\n<p>            30 juil. 2025 \u00e0 16h14        <\/p>\n<p>L\u2019\u00e9t\u00e9 est compliqu\u00e9 pour les utilisateurs de <a href=\"https:\/\/actu.fr\/tag\/velib\" target=\"_blank\" rel=\"noopener\">V\u00e9lib\u2019<\/a> cette ann\u00e9e. Entre les stations vides, les v\u00e9los d\u00e9faillants ou impossibles \u00e0 d\u00e9tacher de leur borne d\u2019accroche\u2026 Pour p\u00e9daler \u00e0 Paris et en \u00cele-de-France, mieux vaut s\u2019armer de patience. \u00c0 moins que les algorithmes ne viennent s\u2019ajouter \u00e0 l\u2019\u00e9quation. Alors qu\u2019ils ne se connaissaient pas, deux jeunes parisiens ont collabor\u00e9 pour mettre au point l\u2019application <a href=\"https:\/\/velibest.fr\/\" target=\"_blank\" rel=\"noopener\">Velibest<\/a> permettant aux usagers de trouver la perle rare\u2009: <strong>un V\u00e9lib\u2019 en \u00e9tat de rouler.<\/strong><\/p>\n<p>\u00c9tablir un diagnostic des V\u00e9lib\u2019<\/p>\n<p class=\" wall-content\">\u00ab\u2009Le service fait face depuis plusieurs semaines \u00e0 un niveau de d\u00e9gradations inhabituellement \u00e9lev\u00e9 ainsi qu\u2019\u00e0 <a href=\"https:\/\/actu.fr\/ile-de-france\/paris_75056\/paris-cette-technique-toute-simple-est-a-l-origine-de-centaines-de-vols-de-velib-s-par-semaine_62871439.html\" target=\"_blank\" rel=\"noopener\">des pratiques frauduleuses bien organis\u00e9es<\/a>\u2009\u00bb, reconnaissait l\u2019Agemob aupr\u00e8s\u00a0actu Paris\u00a0mi-juillet. Selon l\u2019agence qui g\u00e8re les v\u00e9los partag\u00e9s en r\u00e9gion parisienne, 16\u2009508 V\u00e9lib\u2019 \u00e9taient disponibles en station sur une flotte globale de 20\u2009000. De quoi titiller Pierre, qui n\u2019a pas attendu cette ampleur de difficult\u00e9 pour lancer son projet. \u00ab\u2009J\u2019ai exploit\u00e9 une faille de s\u00e9curit\u00e9 pour tracker minute par minute la position de chaque V\u00e9lib\u2019 depuis deux ans et <strong>j\u2019ai analys\u00e9 plus de 100 millions de trajets<\/strong> pour r\u00e9pondre de mani\u00e8re scientifique \u00e0 la question suivante\u2009: quel est le meilleur V\u00e9lib\u2019\u2009?\u2009\u00bb relate-t-il en voix off de sa vid\u00e9o publi\u00e9e sur <a href=\"https:\/\/www.youtube.com\/watch?v=PYEfoAuXQhk\" target=\"_blank\" rel=\"noopener\">Youtube<\/a> il y a un mois et dans laquelle il explique sa d\u00e9marche.<\/p>\n<p class=\" wall-content\">En s\u2019aidant de l\u2019intelligence artificielle pour coder son programme et en utilisant les donn\u00e9es disponibles en ligne, il a d\u00e9cortiqu\u00e9 toutes les informations de chaque V\u00e9lib\u2019 afin d\u2019\u00e9tablir un diagnostic allant du pire au meilleur. Sont analys\u00e9s\u2009: la vitesse moyenne sur un trajet donn\u00e9, le temps rest\u00e9 attach\u00e9 \u00e0 la borne et l\u2019estimation de la batterie.<\/p>\n<p class=\" wall-content\">De quoi, cette fois-ci, titiller Thomas. Ce d\u00e9veloppeur web a regard\u00e9 attentivement la vid\u00e9o Youtube de Pierre avant de plancher \u00e0 son tour. En reprenant les donn\u00e9es collect\u00e9es et trait\u00e9es par ce dernier, il a mis au point <strong>une application consultable par tous <\/strong>en temps r\u00e9el. \u00ab\u2009Je n\u2019\u00e9tais m\u00eame pas utilisateur actif des V\u00e9lib\u2019, avant d\u2019avoir vu la vid\u00e9o de Pierre. C\u2019est plut\u00f4t le c\u00f4t\u00e9 technique qui m\u2019a motiv\u00e9, car il y avait la possibilit\u00e9 de faire quelque chose qui soit utile. Ce qui a cr\u00e9\u00e9 un engouement, quand je vois les statistiques de l\u2019utilisation de l\u2019application\u2009\u00bb, indique-t-il aupr\u00e8s de <a href=\"https:\/\/france3-regions.franceinfo.fr\/paris-ile-de-france\/paris\/une-fois-sur-10-un-velib-pourri-un-parisien-cree-une-application-pour-trouver-plus-vite-un-velo-en-etat-de-marche-3195009.html\" target=\"_blank\" rel=\"noopener\">France 3 \u00cele-de-France<\/a>.<\/p>\n<p>Un moyen de faciliter la vie des usagers<\/p>\n<p class=\" wall-content\">Gr\u00e2ce \u00e0 la collecte de donn\u00e9es, c\u2019est la vie des usagers qui est facilit\u00e9e. Mais cela n\u2019a pas \u00e9t\u00e9 sans questionnements de la part des deux analystes en herbe, soucieux d\u2019un \u00e9ventuel sursaut du gestionnaire de V\u00e9lib\u2019. \u00ab\u2009Cela a \u00e9t\u00e9 une de nos plus grandes pr\u00e9occupations \u00e0 la base\u2009\u00bb, reconna\u00eet Thomas aupr\u00e8s de France 3. \u00ab\u2009Est-ce qu\u2019on ne risquait pas justement d\u2019avoir une r\u00e9action de V\u00e9lib\u2019 qui risque de nous bloquer l\u2019acc\u00e8s aux donn\u00e9es, ou de prendre potentiellement des mesures\u2009? Il a finalement \u00e9t\u00e9 d\u00e9cid\u00e9 de donner de la visibilit\u00e9 \u00e0 ce projet, <strong>quitte \u00e0 ce que V\u00e9lib\u2019 r\u00e9agisse et tue le projet<\/strong>. Cela montrera au moins qu\u2019on a essay\u00e9 de le partager au plus de personnes possibles, le temps que ces situations durent.\u2009\u00bb<\/p>\n<p class=\" wall-content\">Si elle n\u2019est pas bloqu\u00e9e par les gestionnaires de v\u00e9los en libre-service, cette innovation pourrait en revanche b\u00e9n\u00e9ficier d\u2019un s\u00e9rieux coup de pouce. Dans le quartier des Batignolles \u00e0 Paris (17e), <a href=\"https:\/\/actu.fr\/ile-de-france\/paris_75056\/le-quartier-le-plus-connecte-au-monde-aux-batignolles-a-paris-l-ia-facilite-la-vie-des-habitants_62952508.html\" target=\"_blank\" rel=\"noopener\">la mairie a lanc\u00e9 un programme<\/a> -en exp\u00e9rimentation pendant cinq ans pour l\u2019instant- afin de collecter plusieurs types de donn\u00e9es permettant in fine de proposer de nouveaux services aux habitants. <strong>160 capteurs ont \u00e9t\u00e9 install\u00e9s dans 26 rues<\/strong> afin de prendre en compte l\u2019emprise des zones de stationnement, le comptage des v\u00e9hicules et des pi\u00e9tons ainsi que la mesure du niveau sonore et de la gradation lumineuse. Et si l\u2019\u00e9tat des V\u00e9lib\u2019 \u00e9tait lui aussi analys\u00e9\u2009?<\/p>\n<p class=\" wall-content\">Suivez toute l\u2019actualit\u00e9 de vos villes et m\u00e9dias favoris en vous inscrivant \u00e0 <a href=\"https:\/\/moncompte.actu.fr\" title=\"D\u00e9couvez Mon Actu\" rel=\"nofollow noopener\" data-trk=\"{&quot;cta&quot;:{&quot;action&quot;:&quot;https:\\\/\\\/moncompte.actu.fr&quot;,&quot;category&quot;:&quot;mon compte&quot;,&quot;from&quot;:&quot;article footer&quot;,&quot;name&quot;:&quot;Mon actu&quot;,&quot;type&quot;:&quot;cta&quot;}}\" target=\"_blank\">Mon Actu<\/a>.<\/p>\n","protected":false},"excerpt":{"rendered":"Par In\u00e8s Cussac Publi\u00e9 le 30 juil. 2025 \u00e0 16h14 L\u2019\u00e9t\u00e9 est compliqu\u00e9 pour les utilisateurs de V\u00e9lib\u2019&hellip;\n","protected":false},"author":2,"featured_media":284916,"comment_status":"","ping_status":"","sticky":false,"template":"","format":"standard","meta":{"footnotes":""},"categories":[1888],"tags":[1111,1928,11,1927,1777,674,1011,27,223,12,1926,626,1925,25,104,36253,208],"class_list":{"0":"post-284915","1":"post","2":"type-post","3":"status-publish","4":"format-standard","5":"has-post-thumbnail","7":"category-paris","8":"tag-actu","9":"tag-actu-paris","10":"tag-actualites","11":"tag-actualites-paris","12":"tag-eu","13":"tag-europe","14":"tag-fr","15":"tag-france","16":"tag-intelligence-artificielle","17":"tag-news","18":"tag-news-paris","19":"tag-paris","20":"tag-paris-news","21":"tag-republique-francaise","22":"tag-societe","23":"tag-velib","24":"tag-velo"},"share_on_mastodon":{"url":"https:\/\/pubeurope.com\/@fr\/114943596064731698","error":""},"_links":{"self":[{"href":"https:\/\/www.europesays.com\/fr\/wp-json\/wp\/v2\/posts\/284915","targetHints":{"allow":["GET"]}}],"collection":[{"href":"https:\/\/www.europesays.com\/fr\/wp-json\/wp\/v2\/posts"}],"about":[{"href":"https:\/\/www.europesays.com\/fr\/wp-json\/wp\/v2\/types\/post"}],"author":[{"embeddable":true,"href":"https:\/\/www.europesays.com\/fr\/wp-json\/wp\/v2\/users\/2"}],"replies":[{"embeddable":true,"href":"https:\/\/www.europesays.com\/fr\/wp-json\/wp\/v2\/comments?post=284915"}],"version-history":[{"count":0,"href":"https:\/\/www.europesays.com\/fr\/wp-json\/wp\/v2\/posts\/284915\/revisions"}],"wp:featuredmedia":[{"embeddable":true,"href":"https:\/\/www.europesays.com\/fr\/wp-json\/wp\/v2\/media\/284916"}],"wp:attachment":[{"href":"https:\/\/www.europesays.com\/fr\/wp-json\/wp\/v2\/media?parent=284915"}],"wp:term":[{"taxonomy":"category","embeddable":true,"href":"https:\/\/www.europesays.com\/fr\/wp-json\/wp\/v2\/categories?post=284915"},{"taxonomy":"post_tag","embeddable":true,"href":"https:\/\/www.europesays.com\/fr\/wp-json\/wp\/v2\/tags?post=284915"}],"curies":[{"name":"wp","href":"https:\/\/api.w.org\/{rel}","templated":true}]}}