{"id":284921,"date":"2025-07-30T18:29:11","date_gmt":"2025-07-30T18:29:11","guid":{"rendered":"https:\/\/www.europesays.com\/fr\/284921\/"},"modified":"2025-07-30T18:29:11","modified_gmt":"2025-07-30T18:29:11","slug":"la-traversee-des-ceintures-de-paris-liberation","status":"publish","type":"post","link":"https:\/\/www.europesays.com\/fr\/284921\/","title":{"rendered":"la travers\u00e9e des ceintures de Paris \u2013 Lib\u00e9ration"},"content":{"rendered":"<p class=\"sc-ksZaOG ehjQrN text-element\">Qu\u2019est-ce que la Zone ? \u00abMarge frontali\u00e8re, espace interm\u00e9diaire qui s\u00e9pare les limites ext\u00e9rieures de Paris des limites int\u00e9rieures de la banlieue, engendrant une d\u00e9marcation brutale entre le \u201cdedans\u201d et le \u201cdehors\u201d, \u201cnous\u201d et \u201ceux\u201d, Paris et l\u2019Autre\u00bb, \u00e9crit Justinien Tribillon, chercheur en urbanisme et enseignant aux Arts d\u00e9co. C\u2019est autour de la Zone que s\u2019est cristallis\u00e9e l\u2019opposition de la capitale et de sa banlieue, entre la ville lumi\u00e8re et ses pourtours fondus dans la grisaille. Son existence a suscit\u00e9 des d\u00e9cennies de projets urbanistiques, sources de clivage. C\u2019est passionnant de voir comment le politique qui cr\u00e9e un espace d\u00e9termine ensuite des usages et des repr\u00e9sentations, pour le meilleur et pour le pire.<\/p>\n<p class=\"sc-ksZaOG ehjQrN text-element\">Au d\u00e9but \u00e9taient Thiers et sa volont\u00e9 de prot\u00e9ger Paris avec des fortifications de 400m\u00e8tres de large sur 34 kilom\u00e8tres de long. Entre les ann\u00e9es 1840 et les ann\u00e9es 1920, la capitale \u00e9tait entour\u00e9e par un rempart, qui se r\u00e9v\u00e9lera bien inutile en 1870, et qui sera presque enti\u00e8rement ras\u00e9 par le r\u00e9gime de Vichy. La protection laissera la place \u00e0 la circulation, le boulevard p\u00e9riph\u00e9rique sera inaugur\u00e9 en 1973. Auteur d\u2019une th\u00e8se sur le p\u00e9riph, Justinien Tribillon a choisi de raconter cette histoire en autant d\u2019anneaux qu\u2019il y a d\u2019approches. La premi\u00e8re, la ceinture noire, correspond \u00e0 un imaginaire familier, celui de la marge et de ses \u00abzonards\u00bb que le sociologue J\u00e9r\u00f4me Beauchez a d\u00e9crit dans <a href=\"https:\/\/www.liberation.fr\/culture\/livres\/la-zone-de-mauvaise-reputation-20220706_3J2SEFK4PJAJFKDWLXGYG5TJ2Y\/\" target=\"_blank\" rel=\"noopener\" title=\"https:\/\/www.liberation.fr\/culture\/livres\/la-zone-de-mauvaise-reputation-20220706_3J2SEFK4PJAJFKDWLXGYG5TJ2Y\/\">les Sauvages de la civilisation<\/a> (\u00e9ditions Amsterdam, 2022), un monde peupl\u00e9 de chiffonniers, d\u2019ouvriers et d\u2019artistes (les Puces perp\u00e9tuent aujourd\u2019hui ces marges), et immortalis\u00e9 par <a href=\"https:\/\/www.liberation.fr\/culture\/2012\/05\/27\/paris-d-avant-et-apres-atget_821789\/\" target=\"_blank\" rel=\"noopener\" title=\"https:\/\/www.liberation.fr\/culture\/2012\/05\/27\/paris-d-avant-et-apres-atget_821789\/\">Eug\u00e8ne Atget<\/a>. C\u2019\u00e9taient les populations rejet\u00e9es et \u00abnettoy\u00e9es\u00bb par la ville, chass\u00e9es par Haussmann, par l\u2019hygi\u00e9nisation et le racisme, et qui avaient trouv\u00e9 sur cette bande de terre un refuge.<\/p>\n<p class=\"sc-ksZaOG ehjQrN text-element\">Le chercheur en urbanisme voit aussi d\u2019autres th\u00e9matiques dominantes d\u00e9finissant la Zone : la \u00abceinture verte\u00bb ou projets d\u2019arborisation et d\u2019espaces verts qui \u00abont surtout servi de dispositif de s\u00e9gr\u00e9gation urbaine, s\u00e9parant Paris de ses p\u00e9riph\u00e9ries et excluant ses populations subalternes : banlieusards, immigr\u00e9s, ouvriers, Roms, Juifs, etc.\u00bb. Faire du boulevard p\u00e9riph\u00e9rique \u00abune nouvelle ceinture verte\u00bb est aussi une ambition affich\u00e9e en 2022 par Anne Hidalgo. La \u00abceinture rose\u00bb d\u00e9signe celle des logements sociaux, et \u00abla ceinture rouge\u00bb, celle des municipalit\u00e9s communistes autour de Paris (elles \u00e9taient 126 dans les ann\u00e9es 70), \u00abdeux cordons prol\u00e9tariens encerclant un Paris bourgeois\u00bb. Et il y a aussi la ceinture d\u2019asphalte du p\u00e9riph\u00e9rique et la ceinture de b\u00e9ton des cit\u00e9s. Chaque ceinture rend plus profond l\u2019antagonisme. La Zone, une histoire alternative de Paris montre ainsi comment le centre a repouss\u00e9 \u00e0 la p\u00e9riph\u00e9rie \u00abl\u2019Autre\u00bb, dans une strat\u00e9gie d\u2019exclusion et de contr\u00f4le.<\/p>\n","protected":false},"excerpt":{"rendered":"Qu\u2019est-ce que la Zone ? \u00abMarge frontali\u00e8re, espace interm\u00e9diaire qui s\u00e9pare les limites ext\u00e9rieures de Paris des limites&hellip;\n","protected":false},"author":2,"featured_media":284922,"comment_status":"","ping_status":"","sticky":false,"template":"","format":"standard","meta":{"footnotes":""},"categories":[1888],"tags":[11,10488,1777,674,1011,27,12,626,25],"class_list":{"0":"post-284921","1":"post","2":"type-post","3":"status-publish","4":"format-standard","5":"has-post-thumbnail","7":"category-paris","8":"tag-actualites","9":"tag-cahier-livres","10":"tag-eu","11":"tag-europe","12":"tag-fr","13":"tag-france","14":"tag-news","15":"tag-paris","16":"tag-republique-francaise"},"share_on_mastodon":{"url":"https:\/\/pubeurope.com\/@fr\/114943607854356753","error":""},"_links":{"self":[{"href":"https:\/\/www.europesays.com\/fr\/wp-json\/wp\/v2\/posts\/284921","targetHints":{"allow":["GET"]}}],"collection":[{"href":"https:\/\/www.europesays.com\/fr\/wp-json\/wp\/v2\/posts"}],"about":[{"href":"https:\/\/www.europesays.com\/fr\/wp-json\/wp\/v2\/types\/post"}],"author":[{"embeddable":true,"href":"https:\/\/www.europesays.com\/fr\/wp-json\/wp\/v2\/users\/2"}],"replies":[{"embeddable":true,"href":"https:\/\/www.europesays.com\/fr\/wp-json\/wp\/v2\/comments?post=284921"}],"version-history":[{"count":0,"href":"https:\/\/www.europesays.com\/fr\/wp-json\/wp\/v2\/posts\/284921\/revisions"}],"wp:featuredmedia":[{"embeddable":true,"href":"https:\/\/www.europesays.com\/fr\/wp-json\/wp\/v2\/media\/284922"}],"wp:attachment":[{"href":"https:\/\/www.europesays.com\/fr\/wp-json\/wp\/v2\/media?parent=284921"}],"wp:term":[{"taxonomy":"category","embeddable":true,"href":"https:\/\/www.europesays.com\/fr\/wp-json\/wp\/v2\/categories?post=284921"},{"taxonomy":"post_tag","embeddable":true,"href":"https:\/\/www.europesays.com\/fr\/wp-json\/wp\/v2\/tags?post=284921"}],"curies":[{"name":"wp","href":"https:\/\/api.w.org\/{rel}","templated":true}]}}