{"id":284927,"date":"2025-07-30T18:32:10","date_gmt":"2025-07-30T18:32:10","guid":{"rendered":"https:\/\/www.europesays.com\/fr\/284927\/"},"modified":"2025-07-30T18:32:10","modified_gmt":"2025-07-30T18:32:10","slug":"bercy-la-france-tente-de-rassurer-les-professions-touchees-par-les-accords-douaniers-ue-usa","status":"publish","type":"post","link":"https:\/\/www.europesays.com\/fr\/284927\/","title":{"rendered":"Bercy : La France tente de rassurer les professions touch\u00e9es par les accords douaniers UE\/USA"},"content":{"rendered":"<p>\u00ab\u00a0Les n\u00e9gociations avec les \u00c9tats-Unis ne font que commencer sur la base de l\u2019accord qui a \u00e9t\u00e9 mis en place dimanche\u00a0\u00bb, a affirm\u00e9 le ministre de l\u2019\u00c9conomie, \u00c9ric Lombard, \u00e0 l\u2019issue d\u2019une r\u00e9union d\u2019environ 2\u00a0h\u00a030, mercredi, \u00e0 Bercy, qui rassemblait autour de la table une partie du gouvernement, les repr\u00e9sentants patronaux et des secteurs \u00e9conomiques. Peu d\u2019annonces concr\u00e8tes sont ressorties de cet \u00e9change \u00e0 huis clos, \u00e0 part la cr\u00e9ation d\u2019un site internet \u00e0 destination des entreprises et l\u2019engagement de transmettre les dol\u00e9ances des secteurs touch\u00e9s par les surtaxes douani\u00e8res am\u00e9ricaines \u00e0 la Commission europ\u00e9enne la semaine prochaine.<\/p>\n<p>L\u2019accord douanier USA\/UE pr\u00e9voit une taxation g\u00e9n\u00e9ralis\u00e9e de 15\u00a0% sur les produits europ\u00e9ens arrivant sur le territoire am\u00e9ricain, sauf exceptions, notamment pour l\u2019a\u00e9ronautique qui sera exempt\u00e9e. La France \u00ab\u00a0pousse\u00a0\u00bb pour que les vins et spiritueux soient eux aussi exempt\u00e9s, a affirm\u00e9 le ministre d\u00e9l\u00e9gu\u00e9 au Commerce ext\u00e9rieur Laurent Saint-Martin, qui, \u00e9voquant l\u2019exc\u00e9dent am\u00e9ricain en mati\u00e8re d\u2019\u00e9changes de services avec l\u2019UE, a aussi appel\u00e9 \u00e0 ne pas avoir de \u00ab\u00a0tabou\u00a0\u00bb. Il faut, selon lui, envisager d\u2019\u00e9largir la discussion pour inclure biens et services \u00e0 la fois, alors que le pr\u00e9sident am\u00e9ricain justifie sa croisade commerciale en invoquant uniquement un d\u00e9s\u00e9quilibre UE\/USA sur les \u00e9changes de biens au d\u00e9triment des \u00c9tats-Unis.<\/p>\n<p>Des points qui doivent \u00eatre \u00e9claircis<\/p>\n<p>\u00ab\u00a0Selon toute probabilit\u00e9, il pourrait y avoir un accord \u00ab\u00a0z\u00e9ro pour z\u00e9ro\u00a0\u00bb pour les spiritueux, mais pour les vins, nous n\u2019en savons rien\u00a0\u00bb, a indiqu\u00e9 la ministre de l\u2019Agriculture, Annie Genevard, \u00e9galement parmi les ministres pr\u00e9sents \u00e0 cette rencontre, \u00e0 l\u2019issue des discussions. \u00ab\u00a0Cette r\u00e9union nous a permis d\u2019exprimer \u00e0 un plus haut niveau nos demandes\u00a0\u00bb, a indiqu\u00e9 le directeur g\u00e9n\u00e9ral de la f\u00e9d\u00e9ration des entreprises de beaut\u00e9 FEBEA (cosm\u00e9tiques\u2026), Emmanuel Guichard, alertant sur le risque d\u2019\u00ab\u00a0une perte de 300 millions d\u2019euros\u00a0\u00bb et de \u00ab\u00a05\u00a0000 emplois directs et indirects\u00a0\u00bb \u00e0 cause de la taxation \u00e0 15\u00a0%. \u00c9galement pr\u00e9sents \u00e0 cette r\u00e9union, la CPME et U2P c\u00f4t\u00e9 patronal\u00a0; France Industrie, F\u00e9d\u00e9ration bancaire fran\u00e7aise ou encore France Assureurs, entre autres, c\u00f4t\u00e9 f\u00e9d\u00e9rations.<\/p>\n<p>Un peu plus t\u00f4t, \u00e0 son arriv\u00e9e \u00e0 Bercy, le patron du Medef Patrick Martin a estim\u00e9 qu\u2019il y avait \u00ab\u00a0sectoriellement beaucoup de points qui m\u00e9ritent d\u2019\u00eatre \u00e9claircis\u00a0\u00bb apr\u00e8s les annonces de dimanche et fait part de sa \u00ab\u00a0d\u00e9ception\u00a0\u00bb concernant l\u2019accord conclu. Il a aussi dit ne pas attendre \u00ab\u00a0de soutien financier sectoriel, sauf peut-\u00eatre pour le vin\u00a0\u00bb, dont la France est une grande exportatrice, en cas de taxation \u00e0 15\u00a0% au bout du compte.<\/p>\n<p>\u00ab\u00a0Pas forc\u00e9ment plus rassur\u00e9\u00a0\u00bb<\/p>\n<p>\u00ab\u00a0On a des inqui\u00e9tudes tr\u00e8s importantes. On est en train de d\u00e9truire des pans entiers de notre \u00e9conomie (\u2026) Et qu\u2019est-ce que nous propose le ministre\u00a0? C\u2019est un site internet. On a de la chance, on a pu penser un moment avoir un num\u00e9ro vert ou un num\u00e9ro de Minitel\u2026\u00a0\u00bb, a fustig\u00e9 le d\u00e9put\u00e9 socialiste de l\u2019Eure Philippe Brun, interrog\u00e9 par BFMTV.<\/p>\n<p>Le vice-pr\u00e9sident de la CPME, Dominique Charg\u00e9, a dit mercredi soir sur Europe 1 qu\u2019il ne sort \u00ab\u00a0pas forc\u00e9ment plus rassur\u00e9\u00a0\u00bb de la r\u00e9union \u00e0 Bercy, mais \u00ab\u00a0avec quelques pr\u00e9cisions\u00a0\u00bb. \u00c9ric Lombard a redit \u00e0 Bercy, mercredi, le \u00ab\u00a0soulagement d\u2019avoir \u00e9vit\u00e9 une escalade commerciale\u00a0\u00bb malgr\u00e9 la \u00ab\u00a0d\u00e9ception qu\u2019on arrive \u00e0 un accord \u00e0 15\u00a0%\u00a0\u00bb. Concernant l\u2019aide aux entreprises, le ministre de l\u2019\u00c9conomie a rappel\u00e9 mercredi les efforts du gouvernement en mati\u00e8re de \u00ab\u00a0simplification des normes, de simplification de l\u2019acc\u00e8s au financement\u00a0\u00bb.<\/p>\n","protected":false},"excerpt":{"rendered":"\u00ab\u00a0Les n\u00e9gociations avec les \u00c9tats-Unis ne font que commencer sur la base de l\u2019accord qui a \u00e9t\u00e9 mis&hellip;\n","protected":false},"author":2,"featured_media":284928,"comment_status":"","ping_status":"","sticky":false,"template":"","format":"standard","meta":{"footnotes":""},"categories":[1589],"tags":[11,2822,33,1073,765,73,1866,9467,27,418,12,364,1864,1865,1863,308],"class_list":{"0":"post-284927","1":"post","2":"type-post","3":"status-publish","4":"format-standard","5":"has-post-thumbnail","7":"category-etats-unis","8":"tag-actualites","9":"tag-douanes","10":"tag-economie","11":"tag-emmanuel-macron","12":"tag-en-continu","13":"tag-etats-unis","14":"tag-etats-unis-damerique","15":"tag-finances","16":"tag-france","17":"tag-gouvernement","18":"tag-news","19":"tag-union-europeenne","20":"tag-united-states","21":"tag-united-states-of-america","22":"tag-us","23":"tag-usa"},"share_on_mastodon":{"url":"https:\/\/pubeurope.com\/@fr\/114943619478306247","error":""},"_links":{"self":[{"href":"https:\/\/www.europesays.com\/fr\/wp-json\/wp\/v2\/posts\/284927","targetHints":{"allow":["GET"]}}],"collection":[{"href":"https:\/\/www.europesays.com\/fr\/wp-json\/wp\/v2\/posts"}],"about":[{"href":"https:\/\/www.europesays.com\/fr\/wp-json\/wp\/v2\/types\/post"}],"author":[{"embeddable":true,"href":"https:\/\/www.europesays.com\/fr\/wp-json\/wp\/v2\/users\/2"}],"replies":[{"embeddable":true,"href":"https:\/\/www.europesays.com\/fr\/wp-json\/wp\/v2\/comments?post=284927"}],"version-history":[{"count":0,"href":"https:\/\/www.europesays.com\/fr\/wp-json\/wp\/v2\/posts\/284927\/revisions"}],"wp:featuredmedia":[{"embeddable":true,"href":"https:\/\/www.europesays.com\/fr\/wp-json\/wp\/v2\/media\/284928"}],"wp:attachment":[{"href":"https:\/\/www.europesays.com\/fr\/wp-json\/wp\/v2\/media?parent=284927"}],"wp:term":[{"taxonomy":"category","embeddable":true,"href":"https:\/\/www.europesays.com\/fr\/wp-json\/wp\/v2\/categories?post=284927"},{"taxonomy":"post_tag","embeddable":true,"href":"https:\/\/www.europesays.com\/fr\/wp-json\/wp\/v2\/tags?post=284927"}],"curies":[{"name":"wp","href":"https:\/\/api.w.org\/{rel}","templated":true}]}}