{"id":284929,"date":"2025-07-30T18:33:20","date_gmt":"2025-07-30T18:33:20","guid":{"rendered":"https:\/\/www.europesays.com\/fr\/284929\/"},"modified":"2025-07-30T18:33:20","modified_gmt":"2025-07-30T18:33:20","slug":"vols-perturbes-au-royaume-uni-un-probleme-technique-evoque","status":"publish","type":"post","link":"https:\/\/www.europesays.com\/fr\/284929\/","title":{"rendered":"Vols perturb\u00e9s au Royaume-Uni\u00a0: un \u00ab\u00a0probl\u00e8me technique\u00a0\u00bb \u00e9voqu\u00e9"},"content":{"rendered":"<p>Le trafic a\u00e9rien a \u00e9t\u00e9 bri\u00e8vement perturb\u00e9, mercredi 30 juillet 2025, au Royaume-Uni \u00e0 la suite d\u2019un \u00ab probl\u00e8me technique \u00bb, selon le service de contr\u00f4le a\u00e9rien britannique (NATS). L\u2019incident a conduit \u00e0 la suspension de plusieurs vols, mais le syst\u00e8me affect\u00e9 \u00ab a \u00e9t\u00e9 r\u00e9tabli \u00bb.<\/p>\n<p>Reprise normale des activit\u00e9s<\/p>\n<p>\u00ab Nous sommes en train de reprendre nos activit\u00e9s normales dans la r\u00e9gion de Londres \u00bb, a pr\u00e9cis\u00e9 le NATS sur la plateforme X, avant de pr\u00e9senter ses \u00ab excuses pour la g\u00eane occasionn\u00e9e \u00bb.<\/p>\n<p>L\u2019a\u00e9roport londonien de Gatwick, qui avait annonc\u00e9, peu avant, avoir suspendu tous les d\u00e9parts \u00ab le temps que la situation soit r\u00e9solue \u00bb, a lui aussi confirm\u00e9 la reprise de ses op\u00e9rations, mais pr\u00e9vient qu\u2019il y aura des retards. Il avait pr\u00e9cis\u00e9 que le probl\u00e8me affectait \u00ab tous les vols au d\u00e9part du Royaume-Uni \u00bb.<\/p>\n<p>En mars, un incendie dans un poste \u00e9lectrique avait provoqu\u00e9 <a href=\"https:\/\/www.letelegramme.fr\/faits-divers\/a-londres-laeroport-de-heathrow-ferme-ce-vendredi-suite-a-un-incendie-et-une-panne-de-courant-6782733.php\" target=\"_blank\" rel=\"noopener\">une panne \u00e0 l\u2019a\u00e9roport londonien de Heathrow<\/a>, l\u2019un des plus fr\u00e9quent\u00e9s au monde, qui \u00e9tait rest\u00e9 ferm\u00e9 toute une journ\u00e9e. L\u2019incident avait entra\u00een\u00e9 des perturbations en cha\u00eene dans le trafic a\u00e9rien mondial, avec des centaines de vols supprim\u00e9s ou d\u00e9rout\u00e9s.<\/p>\n","protected":false},"excerpt":{"rendered":"Le trafic a\u00e9rien a \u00e9t\u00e9 bri\u00e8vement perturb\u00e9, mercredi 30 juillet 2025, au Royaume-Uni \u00e0 la suite d\u2019un \u00ab&hellip;\n","protected":false},"author":2,"featured_media":284930,"comment_status":"","ping_status":"","sticky":false,"template":"","format":"standard","meta":{"footnotes":""},"categories":[1588],"tags":[11,663,765,1777,674,5383,74,12,473,1853,2803,2445,1851,1850,1852],"class_list":{"0":"post-284929","1":"post","2":"type-post","3":"status-publish","4":"format-standard","5":"has-post-thumbnail","7":"category-royaume-uni","8":"tag-actualites","9":"tag-aeroport","10":"tag-en-continu","11":"tag-eu","12":"tag-europe","13":"tag-incendies","14":"tag-monde","15":"tag-news","16":"tag-royaume-uni","17":"tag-royaume-uni-de-grande-bretagne-et-dirlande-du-nord","18":"tag-transport","19":"tag-transport-aerien","20":"tag-uk","21":"tag-united-kingdom","22":"tag-united-kingdom-of-great-britain-and-northern-ireland"},"share_on_mastodon":{"url":"https:\/\/pubeurope.com\/@fr\/114943623416706912","error":""},"_links":{"self":[{"href":"https:\/\/www.europesays.com\/fr\/wp-json\/wp\/v2\/posts\/284929","targetHints":{"allow":["GET"]}}],"collection":[{"href":"https:\/\/www.europesays.com\/fr\/wp-json\/wp\/v2\/posts"}],"about":[{"href":"https:\/\/www.europesays.com\/fr\/wp-json\/wp\/v2\/types\/post"}],"author":[{"embeddable":true,"href":"https:\/\/www.europesays.com\/fr\/wp-json\/wp\/v2\/users\/2"}],"replies":[{"embeddable":true,"href":"https:\/\/www.europesays.com\/fr\/wp-json\/wp\/v2\/comments?post=284929"}],"version-history":[{"count":0,"href":"https:\/\/www.europesays.com\/fr\/wp-json\/wp\/v2\/posts\/284929\/revisions"}],"wp:featuredmedia":[{"embeddable":true,"href":"https:\/\/www.europesays.com\/fr\/wp-json\/wp\/v2\/media\/284930"}],"wp:attachment":[{"href":"https:\/\/www.europesays.com\/fr\/wp-json\/wp\/v2\/media?parent=284929"}],"wp:term":[{"taxonomy":"category","embeddable":true,"href":"https:\/\/www.europesays.com\/fr\/wp-json\/wp\/v2\/categories?post=284929"},{"taxonomy":"post_tag","embeddable":true,"href":"https:\/\/www.europesays.com\/fr\/wp-json\/wp\/v2\/tags?post=284929"}],"curies":[{"name":"wp","href":"https:\/\/api.w.org\/{rel}","templated":true}]}}