{"id":284931,"date":"2025-07-30T18:34:11","date_gmt":"2025-07-30T18:34:11","guid":{"rendered":"https:\/\/www.europesays.com\/fr\/284931\/"},"modified":"2025-07-30T18:34:11","modified_gmt":"2025-07-30T18:34:11","slug":"sur-fond-de-croissance-anemiee-lallemagne-cherche-sa-voie-budgetaire","status":"publish","type":"post","link":"https:\/\/www.europesays.com\/fr\/284931\/","title":{"rendered":"Sur fond de croissance an\u00e9mi\u00e9e, l\u2019Allemagne cherche sa voie budg\u00e9taire"},"content":{"rendered":"<p><strong>D\u00c9CRYPTAGE &#8211; <\/strong>Le PIB allemand a recul\u00e9 de 0,1\u00a0% au second semestre tandis que la peur de la dette et des d\u00e9ficits refait surface.<\/p>\n<p class=\"fig-paragraph\">Il y a deux ministres qui se cachent derri\u00e8re le responsable du portefeuille des Finances, Lars Klingbeil. Le premier est pr\u00e9sident du Parti social-d\u00e9mocrate (SPD), mal \u00e9lu lors du dernier congr\u00e8s, et qui aspire \u00e0 se pr\u00e9senter comme le ministre de l\u2019investissement, celui qui, par centaines de milliards de nouvelles d\u00e9penses,\u00a0<a href=\"http:\/\/www.lefigaro.fr\/economie\/nous-aurons-a-la-fois-des-chars-et-des-ecoles-l-allemagne-ex-championne-de-la-rigueur-depense-massivement-20250624\" data-fig-type=\"Article\" data-gtm-custom-categorie=\"navigation\" data-gtm-custom-action=\"crossclick\" data-gtm-custom-label=\"Contextuel\" data-gtm-event=\"customEventSPE\" data-fig-domain=\"LEFIGARO\" rel=\"nofollow noopener\" target=\"_blank\">ordonne de r\u00e9nover les \u00e9coles et faire fonctionner les trains.<\/a>\u00a0Le second, comme tous ceux qui se sont succ\u00e9d\u00e9 \u00e0 ce poste en Allemagne, est garant de l\u2019\u00e9quilibre des comptes publics et se veut le gestionnaire avis\u00e9 et scrupuleux des finances publiques. Cette dichotomie \u00e9tait flagrante, mercredi, lorsque le grand argentier du pays a pr\u00e9sent\u00e9 la mouture finale du programme budg\u00e9taire pluriannuel du gouvernement Merz, avant que celui-ci ne soit examin\u00e9 d\u00e9but septembre par le Bundestag.<\/p>\n<p>Un d\u00e9fi immense<\/p>\n<p class=\"fig-paragraph\">\u00ab\u00a0Nous investissons \u00e0 pr\u00e9sent dans l\u2019avenir, des milliards pour que les enfants re\u00e7oivent une bonne \u00e9ducation, pour que les familles concilient mieux vie familiale et professionnelle et pour\u2026<\/p>\n<p class=\"fig-premium-paywall__infos\">\n        Cet article est r\u00e9serv\u00e9 aux abonn\u00e9s.        Il vous reste 78% \u00e0 d\u00e9couvrir.\n    <\/p>\n<p>                <img  data- alt=\"Le Figaro\" class=\"fig-img--complete fig-img\"\/><\/p>\n<p class=\"fig-premium-paywall__title\">Vous avez envie de lire la suite ?<\/p>\n<p class=\"fig-premium-paywall__subtitle\">D\u00e9bloquez tous les articles imm\u00e9diatement.<\/p>\n<p class=\"fig-premium-paywall__connect\">\n                D\u00e9j\u00e0 abonn\u00e9\u00a0?                <a class=\"fig-premium-paywall__connect-link\" href=\"https:\/\/connect.lefigaro.fr\/login?client=horizon_web&amp;type=main&amp;redirect_uri=https%3A%2F%2Fwww.lefigaro.fr%2Fconjoncture%2Fsur-fond-de-croissance-anemiee-l-allemagne-cherche-sa-voie-budgetaire-20250730\" data-js-gtm=\"{&quot;customCategorie&quot;: &quot;conversion&quot;, &quot;customAction&quot;: &quot;before_Landing_Connexion_paywall_auto&quot;, &quot;customLabel&quot;: &quot;bGVmaWdhcm8uZnJfXzFmMDZkNWI5LWQxMDctNmJkYS04ZGZkLWNiMGQ3ZGQ1YzU4M19fQXJ0aWNsZQ==_Sur fond de croissance an\u00e9mi\u00e9e, l\u2019Allemagne cherche sa voie budg\u00e9taire_187&quot;, &quot;customIDSPE&quot;: &quot;bGVmaWdhcm8uZnJfXzFmMDZkNWI5LWQxMDctNmJkYS04ZGZkLWNiMGQ3ZGQ1YzU4M19fQXJ0aWNsZQ==&quot;, &quot;event&quot;: &quot;customEventSPE&quot;}\" rel=\"nofollow noopener\" target=\"_blank\"><br \/>\n                    Connectez-vous<br \/>\n                <\/a>\n            <\/p>\n","protected":false},"excerpt":{"rendered":"D\u00c9CRYPTAGE &#8211; Le PIB allemand a recul\u00e9 de 0,1\u00a0% au second semestre tandis que la peur de la&hellip;\n","protected":false},"author":2,"featured_media":284932,"comment_status":"","ping_status":"","sticky":false,"template":"","format":"standard","meta":{"footnotes":""},"categories":[1587],"tags":[11,672,1003,1804,1805,1803,1777,674,1801,12,1802],"class_list":{"0":"post-284931","1":"post","2":"type-post","3":"status-publish","4":"format-standard","5":"has-post-thumbnail","7":"category-allemagne","8":"tag-actualites","9":"tag-allemagne","10":"tag-budget","11":"tag-bundesrepublik-deutschland","12":"tag-de","13":"tag-deutschland","14":"tag-eu","15":"tag-europe","16":"tag-germany","17":"tag-news","18":"tag-republique-federale-dallemagne"},"share_on_mastodon":{"url":"https:\/\/pubeurope.com\/@fr\/114943627323211221","error":""},"_links":{"self":[{"href":"https:\/\/www.europesays.com\/fr\/wp-json\/wp\/v2\/posts\/284931","targetHints":{"allow":["GET"]}}],"collection":[{"href":"https:\/\/www.europesays.com\/fr\/wp-json\/wp\/v2\/posts"}],"about":[{"href":"https:\/\/www.europesays.com\/fr\/wp-json\/wp\/v2\/types\/post"}],"author":[{"embeddable":true,"href":"https:\/\/www.europesays.com\/fr\/wp-json\/wp\/v2\/users\/2"}],"replies":[{"embeddable":true,"href":"https:\/\/www.europesays.com\/fr\/wp-json\/wp\/v2\/comments?post=284931"}],"version-history":[{"count":0,"href":"https:\/\/www.europesays.com\/fr\/wp-json\/wp\/v2\/posts\/284931\/revisions"}],"wp:featuredmedia":[{"embeddable":true,"href":"https:\/\/www.europesays.com\/fr\/wp-json\/wp\/v2\/media\/284932"}],"wp:attachment":[{"href":"https:\/\/www.europesays.com\/fr\/wp-json\/wp\/v2\/media?parent=284931"}],"wp:term":[{"taxonomy":"category","embeddable":true,"href":"https:\/\/www.europesays.com\/fr\/wp-json\/wp\/v2\/categories?post=284931"},{"taxonomy":"post_tag","embeddable":true,"href":"https:\/\/www.europesays.com\/fr\/wp-json\/wp\/v2\/tags?post=284931"}],"curies":[{"name":"wp","href":"https:\/\/api.w.org\/{rel}","templated":true}]}}