{"id":284933,"date":"2025-07-30T18:35:11","date_gmt":"2025-07-30T18:35:11","guid":{"rendered":"https:\/\/www.europesays.com\/fr\/284933\/"},"modified":"2025-07-30T18:35:11","modified_gmt":"2025-07-30T18:35:11","slug":"un-arbitre-portugais-pour-psg-tottenham","status":"publish","type":"post","link":"https:\/\/www.europesays.com\/fr\/284933\/","title":{"rendered":"un arbitre portugais pour PSG-Tottenham"},"content":{"rendered":"<p>Le d\u00e9nomm\u00e9 Jo\u00e3o Pinheiro sera au sifflet lors de la Supercoupe d\u2019Europe qui opposera le Paris-SG \u00e0 Tottenham le 13 ao\u00fbt, \u00e0 Udine.<\/p>\n<p class=\"fig-paragraph\">D\u00e9j\u00e0 l\u2019heure de la rentr\u00e9e des classes pour le PSG. Un mois pile apr\u00e8s\u00a0<a href=\"http:\/\/www.lefigaro.fr\/sports\/football\/coupe-du-monde\/les-notes-de-chelsea-psg-dembele-et-les-parisiens-n-ont-pas-existe-palmer-etincelant-sanchez-ecoeurant-20250713\" data-fig-type=\"NewsFlash\" data-gtm-custom-categorie=\"navigation\" data-gtm-custom-action=\"crossclick\" data-gtm-custom-label=\"Contextuel\" data-gtm-event=\"customEventSPE\" data-fig-domain=\"LEFIGARO\" target=\"_blank\" rel=\"noopener\">leur d\u00e9faite 0-3 contre Chelsea en finale de la Coupe du monde des clubs<\/a>, les Parisiens affronteront Tottenham le 13 ao\u00fbt, \u00e0 Udine, pour le compte de la Supercoupe d\u2019Europe, affiche de gala opposant chaque ann\u00e9e le vainqueur de la Ligue des champions \u00e0 celui de la Ligue Europa. L\u2019UEFA a d\u00e9voil\u00e9 ce mercredi l\u2019identit\u00e9 de l\u2019arbitre qui officiera lors de cette partie, le Portugais Jo\u00e3o Pinheiro, qui sera \u00e9paul\u00e9 par ses compatriotes Bruno Jesus et Luciano Maia. Elchin Masiyev (Azerba\u00efdjan) aura le costume de quatri\u00e8me arbitre.<\/p>\n<p class=\"fig-paragraph\">\u00c2g\u00e9 de 37 ans et international depuis 2016, Jo\u00e3o Pinheiro a dirig\u00e9 68 matchs dans les comp\u00e9titions europ\u00e9ennes jusqu\u2019ici, mais seulement sept de Ligue des champions, dont cinq en 2024-25. Il n\u2019a jamais crois\u00e9 la route du Paris Saint-Germain jusqu\u2019ici. Du moins pas en tant que num\u00e9ro 1. Il occupait la position de quatri\u00e8me arbitre lors de\u00a0<a href=\"http:\/\/www.lefigaro.fr\/sports\/football\/ligue-des-champions\/les-notes-du-psg-face-a-l-inter-doue-phenomenal-vitinha-exceptionnel-dembele-delicieux-dans-un-collectif-magique-20250531\" data-fig-type=\"NewsFlash\" data-gtm-custom-categorie=\"navigation\" data-gtm-custom-action=\"crossclick\" data-gtm-custom-label=\"Contextuel\" data-gtm-event=\"customEventSPE\" data-fig-domain=\"LEFIGARO\" target=\"_blank\" rel=\"noopener\">la finale de Ligue des champions face \u00e0 l\u2019Inter (5-0)<\/a>, le 31 mai dernier \u00e0 Munich, lui qui a en revanche arbitr\u00e9 les Spurs lors de leur victoire 3-1 sur l\u2019AZ Alkmaar en mars dernier, lors des 8es de finale de C3. Il \u00e9tait \u00e9galement au sifflet lors de la demi-finale retour de Ligue Europa Conf\u00e9rence entre Chelsea et les Su\u00e9dois de Djurgarden (1-0).<\/p>\n","protected":false},"excerpt":{"rendered":"Le d\u00e9nomm\u00e9 Jo\u00e3o Pinheiro sera au sifflet lors de la Supercoupe d\u2019Europe qui opposera le Paris-SG \u00e0 Tottenham&hellip;\n","protected":false},"author":2,"featured_media":284934,"comment_status":"","ping_status":"","sticky":false,"template":"","format":"standard","meta":{"footnotes":""},"categories":[1586],"tags":[11,1777,674,1011,27,12,93,25,18015],"class_list":{"0":"post-284933","1":"post","2":"type-post","3":"status-publish","4":"format-standard","5":"has-post-thumbnail","7":"category-europe","8":"tag-actualites","9":"tag-eu","10":"tag-europe","11":"tag-fr","12":"tag-france","13":"tag-news","14":"tag-psg","15":"tag-republique-francaise","16":"tag-tottenham"},"share_on_mastodon":{"url":"https:\/\/pubeurope.com\/@fr\/114943631396990178","error":""},"_links":{"self":[{"href":"https:\/\/www.europesays.com\/fr\/wp-json\/wp\/v2\/posts\/284933","targetHints":{"allow":["GET"]}}],"collection":[{"href":"https:\/\/www.europesays.com\/fr\/wp-json\/wp\/v2\/posts"}],"about":[{"href":"https:\/\/www.europesays.com\/fr\/wp-json\/wp\/v2\/types\/post"}],"author":[{"embeddable":true,"href":"https:\/\/www.europesays.com\/fr\/wp-json\/wp\/v2\/users\/2"}],"replies":[{"embeddable":true,"href":"https:\/\/www.europesays.com\/fr\/wp-json\/wp\/v2\/comments?post=284933"}],"version-history":[{"count":0,"href":"https:\/\/www.europesays.com\/fr\/wp-json\/wp\/v2\/posts\/284933\/revisions"}],"wp:featuredmedia":[{"embeddable":true,"href":"https:\/\/www.europesays.com\/fr\/wp-json\/wp\/v2\/media\/284934"}],"wp:attachment":[{"href":"https:\/\/www.europesays.com\/fr\/wp-json\/wp\/v2\/media?parent=284933"}],"wp:term":[{"taxonomy":"category","embeddable":true,"href":"https:\/\/www.europesays.com\/fr\/wp-json\/wp\/v2\/categories?post=284933"},{"taxonomy":"post_tag","embeddable":true,"href":"https:\/\/www.europesays.com\/fr\/wp-json\/wp\/v2\/tags?post=284933"}],"curies":[{"name":"wp","href":"https:\/\/api.w.org\/{rel}","templated":true}]}}