{"id":284935,"date":"2025-07-30T18:36:11","date_gmt":"2025-07-30T18:36:11","guid":{"rendered":"https:\/\/www.europesays.com\/fr\/284935\/"},"modified":"2025-07-30T18:36:11","modified_gmt":"2025-07-30T18:36:11","slug":"cela-nous-aidera-a-savoir-qui-entre-dans-lue-et-qui-en-sort-controle-automatise-aux-frontieres-europeennes-a-partir-du-12-octobre","status":"publish","type":"post","link":"https:\/\/www.europesays.com\/fr\/284935\/","title":{"rendered":"\u00ab\u00a0Cela nous aidera \u00e0 savoir qui entre dans l\u2019UE et qui en sort\u00a0\u00bb\u00a0: contr\u00f4le automatis\u00e9 aux fronti\u00e8res europ\u00e9ennes \u00e0 partir du 12\u00a0octobre"},"content":{"rendered":"<p class=\"paragraph text_align_left lp-f-body-02\">L\u2019Union europ\u00e9enne a annonc\u00e9 mercredi qu\u2019elle commencerait \u00e0 mettre en place \u00e0 partir du 12 octobre le <a href=\"https:\/\/www.leparisien.fr\/international\/malaisie-des-dizaines-de-milliers-de-voyageurs-paralyses-par-un-probleme-informatique-de-controle-aux-frontieres-19-07-2025-3KBKOJCAOFDCHI22LSMIP5P2TA.php\" target=\"_self\" rel=\"nofollow noopener\">contr\u00f4le automatis\u00e9 \u00e0 ses fronti\u00e8res<\/a>, qui doit \u00e0 terme remplacer le tampon manuel sur les passeports. Ce nouveau syst\u00e8me recensera dans un fichier commun les noms, num\u00e9ros de passeport, empreintes digitales et photos de tous les ressortissants de pays tiers se rendant en Europe pour un court s\u00e9jour. \u00ab Cela nous aidera \u00e0 savoir qui entre dans l\u2019UE et qui en sort \u00bb, a d\u00e9clar\u00e9 le commissaire europ\u00e9en charg\u00e9 des questions migratoires, Magnus Brunner.<\/p>\n<p class=\"paragraph text_align_left lp-f-body-02\">Tous les pays de l\u2019UE mis \u00e0 part Chypre et l\u2019Irlande participeront \u00e0 ce contr\u00f4le automatis\u00e9. D\u2019autres pays comme l\u2019Islande, le Liechtenstein, la Norv\u00e8ge et la Suisse l\u2019adopteront aussi. La mise en place de ce syst\u00e8me, <a href=\"https:\/\/www.leparisien.fr\/international\/controle-automatise-aux-frontieres-de-lue-les-27-trouvent-un-accord-une-mise-en-place-esperee-a-lautomne-05-03-2025-2AC4CWXU3RFINCOM7JDO7I4C2M.php\" target=\"_self\" rel=\"nofollow noopener\">en d\u00e9bat depuis pr\u00e8s de dix ans<\/a>, sera toutefois \u00e9chelonn\u00e9e dans le temps.<\/p>\n<p>Pr\u00e9venir la migration irr\u00e9guli\u00e8re<\/p>\n<p class=\"paragraph text_align_left lp-f-body-02\">Le syst\u00e8me \u00ab entr\u00e9e\/sortie \u00bb suscite la r\u00e9ticence de certaines compagnies de transport qui craignent qu\u2019il n\u2019allonge les files d\u2019attente dans les a\u00e9roports ou les gares. Le maire de Londres Sadiq Khan <a href=\"https:\/\/www.london.gov.uk\/mayor-calls-ministers-prevent-post-brexit-border-checks-leading-eurostar-cap\" target=\"_self\" rel=\"nofollow noopener\">s\u2019\u00e9tait inqui\u00e9t\u00e9 en f\u00e9vrier 2024<\/a> que ce syst\u00e8me ne provoque le \u00ab chaos \u00bb dans sa ville, en particulier \u00e0 la gare de St Pancras d\u2019o\u00f9 partent et arrivent les trains Eurostar.<\/p>\n<p class=\"paragraph text_align_left lp-f-body-02\">Les contr\u00f4les de passeport pour les passagers voyageant vers la France sont effectu\u00e9s avant le d\u00e9part \u00e0 Londres, ce qui permet aux passagers d\u2019arriver en France sans avoir \u00e0 passer par des contr\u00f4les suppl\u00e9mentaires. Les <a href=\"https:\/\/www.leparisien.fr\/international\/royaume-uni-lautorisation-de-voyage-electronique-payante-devient-obligatoire-des-ce-mercredi-pour-les-visiteurs-europeens-02-04-2025-EPC2M3CK5FEQHEG2V4UAEO6QBU.php\" target=\"_self\" rel=\"nofollow noopener\">autorit\u00e9s britanniques<\/a> ont d\u2019ores et d\u00e9j\u00e0 averti leurs ressortissants que \u00ab quelques minutes \u00bb d\u2019attentes suppl\u00e9mentaires seront n\u00e9cessaires pour que \u00ab chaque passager \u00bb franchisse les fronti\u00e8res.<\/p>\n<p class=\"paragraph text_align_left lp-f-body-02\">L\u2019ex\u00e9cutif europ\u00e9en assure que des campagnes d\u2019information permettront de fluidifier le lancement de ce syst\u00e8me. Elle insiste aussi sur le fait qu\u2019il permettra de \u00ab pr\u00e9venir la migration irr\u00e9guli\u00e8re et \u00e0 prot\u00e9ger la s\u00e9curit\u00e9 des citoyens europ\u00e9ens \u00bb.<\/p>\n","protected":false},"excerpt":{"rendered":"L\u2019Union europ\u00e9enne a annonc\u00e9 mercredi qu\u2019elle commencerait \u00e0 mettre en place \u00e0 partir du 12 octobre le contr\u00f4le&hellip;\n","protected":false},"author":2,"featured_media":284936,"comment_status":"","ping_status":"","sticky":false,"template":"","format":"standard","meta":{"footnotes":""},"categories":[1586],"tags":[11,1777,674,1779,1011,27,14,12,25,1778,364],"class_list":{"0":"post-284935","1":"post","2":"type-post","3":"status-publish","4":"format-standard","5":"has-post-thumbnail","7":"category-europe","8":"tag-actualites","9":"tag-eu","10":"tag-europe","11":"tag-european-union","12":"tag-fr","13":"tag-france","14":"tag-international","15":"tag-news","16":"tag-republique-francaise","17":"tag-ue","18":"tag-union-europeenne"},"share_on_mastodon":{"url":"https:\/\/pubeurope.com\/@fr\/114943635261347841","error":""},"_links":{"self":[{"href":"https:\/\/www.europesays.com\/fr\/wp-json\/wp\/v2\/posts\/284935","targetHints":{"allow":["GET"]}}],"collection":[{"href":"https:\/\/www.europesays.com\/fr\/wp-json\/wp\/v2\/posts"}],"about":[{"href":"https:\/\/www.europesays.com\/fr\/wp-json\/wp\/v2\/types\/post"}],"author":[{"embeddable":true,"href":"https:\/\/www.europesays.com\/fr\/wp-json\/wp\/v2\/users\/2"}],"replies":[{"embeddable":true,"href":"https:\/\/www.europesays.com\/fr\/wp-json\/wp\/v2\/comments?post=284935"}],"version-history":[{"count":0,"href":"https:\/\/www.europesays.com\/fr\/wp-json\/wp\/v2\/posts\/284935\/revisions"}],"wp:featuredmedia":[{"embeddable":true,"href":"https:\/\/www.europesays.com\/fr\/wp-json\/wp\/v2\/media\/284936"}],"wp:attachment":[{"href":"https:\/\/www.europesays.com\/fr\/wp-json\/wp\/v2\/media?parent=284935"}],"wp:term":[{"taxonomy":"category","embeddable":true,"href":"https:\/\/www.europesays.com\/fr\/wp-json\/wp\/v2\/categories?post=284935"},{"taxonomy":"post_tag","embeddable":true,"href":"https:\/\/www.europesays.com\/fr\/wp-json\/wp\/v2\/tags?post=284935"}],"curies":[{"name":"wp","href":"https:\/\/api.w.org\/{rel}","templated":true}]}}