{"id":284943,"date":"2025-07-30T18:41:09","date_gmt":"2025-07-30T18:41:09","guid":{"rendered":"https:\/\/www.europesays.com\/fr\/284943\/"},"modified":"2025-07-30T18:41:09","modified_gmt":"2025-07-30T18:41:09","slug":"les-suisses-assurent-rts-ch","status":"publish","type":"post","link":"https:\/\/www.europesays.com\/fr\/284943\/","title":{"rendered":"Les Suisses assurent &#8211; rts.ch"},"content":{"rendered":"<p>Les Suisses engag\u00e9s lors des Championnats d&rsquo;Europe de beachvolley \u00e0 D\u00fcsseldorf ont brill\u00e9. Tanja H\u00fcberli\/Leona Kernen et les s\u0153urs Verg\u00e9-D\u00e9pr\u00e9 se sont assur\u00e9 une place dans la phase \u00e0 \u00e9limination directe, tout comme Adrian Heidrich et Jonathan Jordan.<\/p>\n<p>En remportant leur 1er match de poule, les 2 duos suisses se qualifient pour les 16es. Si elles gagnent leur 2e partie jeudi, elles passeront directement en 8es. La double championne d&rsquo;Europe Tanja H\u00fcberli et sa partenaire Leona Kernen n&rsquo;ont pas connu de probl\u00e8me face aux Estoniennes Heleene Hollas\/Liisa Remmelg (21-14 21-9). Anouk et Zo\u00e9 Verg\u00e9-D\u00e9pr\u00e9 ont domin\u00e9 les Polonaises Julia Radelczuk\/Natalia Okla (21-12 27-25).<\/p>\n<p>Exploit des Suisses<\/p>\n<p>Bien qu&rsquo;ils aient perdu le 1er set 22-20, Adrian Heidrich et Jonathan Jordan sont rest\u00e9s dans le coup face aux Norv\u00e9giens Hendrik Mol\/Mathias Berntsen, t\u00eate de s\u00e9rie no4. Ils ont su exploiter leur 4e balle de match apr\u00e8s 48 minutes pour remporter le 3e set 18-16.<\/p>\n<p>Le Zurichois de 30 ans et le B\u00e2lois de 5 ans son cadet sont au moins en 16es avant le 2e match de jeudi. S&rsquo;ils le remportent, ils passeront directement en 8es. Les 2 autres paires masculines, Marco Krattiger\/Leo Dillier et Yves Haussener\/Julian Friedli, se sont inclin\u00e9s et devront gagner leur 2e match de groupe jeudi pour \u00e9viter l&rsquo;\u00e9limination.<\/p>\n<p class=\"sources\">ats\/bur<\/p>\n","protected":false},"excerpt":{"rendered":"Les Suisses engag\u00e9s lors des Championnats d&rsquo;Europe de beachvolley \u00e0 D\u00fcsseldorf ont brill\u00e9. Tanja H\u00fcberli\/Leona Kernen et les&hellip;\n","protected":false},"author":2,"featured_media":284944,"comment_status":"","ping_status":"","sticky":false,"template":"","format":"standard","meta":{"footnotes":""},"categories":[1417],"tags":[672,3062,27306,42389,674,1011,27,27307,42390,517,60,27390,27311,1470,1632,1469,27315],"class_list":{"0":"post-284943","1":"post","2":"type-post","3":"status-publish","4":"format-standard","5":"has-post-thumbnail","7":"category-volley","8":"tag-allemagne","9":"tag-autres-sports","10":"tag-beach-volley","11":"tag-dusseldorf","12":"tag-europe","13":"tag-fr","14":"tag-france","15":"tag-leona-kernen","16":"tag-rhenanie-du-nord-westphalie","17":"tag-sport","18":"tag-sports","19":"tag-suisses","20":"tag-tanja-huberli","21":"tag-volley","22":"tag-volley-ball","23":"tag-volleyball","24":"tag-zoe-verge-depre"},"share_on_mastodon":{"url":"https:\/\/pubeurope.com\/@fr\/114943654835103750","error":""},"_links":{"self":[{"href":"https:\/\/www.europesays.com\/fr\/wp-json\/wp\/v2\/posts\/284943","targetHints":{"allow":["GET"]}}],"collection":[{"href":"https:\/\/www.europesays.com\/fr\/wp-json\/wp\/v2\/posts"}],"about":[{"href":"https:\/\/www.europesays.com\/fr\/wp-json\/wp\/v2\/types\/post"}],"author":[{"embeddable":true,"href":"https:\/\/www.europesays.com\/fr\/wp-json\/wp\/v2\/users\/2"}],"replies":[{"embeddable":true,"href":"https:\/\/www.europesays.com\/fr\/wp-json\/wp\/v2\/comments?post=284943"}],"version-history":[{"count":0,"href":"https:\/\/www.europesays.com\/fr\/wp-json\/wp\/v2\/posts\/284943\/revisions"}],"wp:featuredmedia":[{"embeddable":true,"href":"https:\/\/www.europesays.com\/fr\/wp-json\/wp\/v2\/media\/284944"}],"wp:attachment":[{"href":"https:\/\/www.europesays.com\/fr\/wp-json\/wp\/v2\/media?parent=284943"}],"wp:term":[{"taxonomy":"category","embeddable":true,"href":"https:\/\/www.europesays.com\/fr\/wp-json\/wp\/v2\/categories?post=284943"},{"taxonomy":"post_tag","embeddable":true,"href":"https:\/\/www.europesays.com\/fr\/wp-json\/wp\/v2\/tags?post=284943"}],"curies":[{"name":"wp","href":"https:\/\/api.w.org\/{rel}","templated":true}]}}