{"id":284947,"date":"2025-07-30T18:43:11","date_gmt":"2025-07-30T18:43:11","guid":{"rendered":"https:\/\/www.europesays.com\/fr\/284947\/"},"modified":"2025-07-30T18:43:11","modified_gmt":"2025-07-30T18:43:11","slug":"laver-cup-ruud-en-vient-en-renfort","status":"publish","type":"post","link":"https:\/\/www.europesays.com\/fr\/284947\/","title":{"rendered":"Laver Cup > Ruud en vient en renfort !"},"content":{"rendered":"<p>C\u2019est offi\u00adciel\u202f! Casper Ruud va int\u00e9\u00adgrer le team Europe aux cot\u00e9s d\u2019Alcaraz, Zverev et Rune. Il reste donc \u00e0 Yannick Noah un joueur \u00e0 d\u00e9si\u00adgner et un rempla\u00ad\u00e7ant. On rappelle que la prochaine \u00e9dition aura lieu \u00e0 San Francisco du 19 au 21 Septembre.<\/p>\n<blockquote class=\"twitter-tweet\">\n<p lang=\"en\" dir=\"ltr\">Call it a streak, Casper Ruud \ud83c\uddf3\ud83c\uddf4is retur\u00adning to represent Team Europe for the fifth conse\u00adcu\u00adtive time.<\/p>\n<p>Casper has played in every edition since his debut in Boston 2021, this time under the newest Team Europe Captain Yannick Noah.<a href=\"https:\/\/twitter.com\/hashtag\/LaverCup?src=hash&amp;ref_src=twsrc%5Etfw\" data-wpel-link=\"external\" target=\"_blank\" rel=\"nofollow external noopener\">#LaverCup<\/a> | <a href=\"https:\/\/twitter.com\/CasperRuud98?ref_src=twsrc%5Etfw\" data-wpel-link=\"external\" target=\"_blank\" rel=\"nofollow external noopener\">@CasperRuud98<\/a> <a href=\"https:\/\/t.co\/HIPwumZYBC\" data-wpel-link=\"external\" target=\"_blank\" rel=\"nofollow external noopener\">pic.twitter.com\/HIPwumZYBC<\/a><\/p>\n<p>\u2014 Laver Cup (@LaverCup) <a href=\"https:\/\/twitter.com\/LaverCup\/status\/1950558087204438170?ref_src=twsrc%5Etfw\" data-wpel-link=\"external\" target=\"_blank\" rel=\"nofollow external noopener\">July 30,\u00a02025<\/a><\/p><\/blockquote>\n<p>Casper est un fid\u00e8le puis\u00adqu\u2019il a parti\u00adcip\u00e9 \u00e0 toutes les \u00e9ditions de la Laver Cup depuis 2021. On rappelle que la Laver Cup est n\u00e9e en 2017\u202fen R\u00e9publique Tch\u00e8que.\u00a0<\/p>\n<p class=\"post-published-date\" style=\"color: silver; font-size: 75%; text-align: left;\">Publi\u00e9 le mercredi 30 juillet 2025 \u00e0 18:10<\/p>\n<p><script async src=\"https:\/\/platform.twitter.com\/widgets.js\" charset=\"utf-8\"><\/script><\/p>\n","protected":false},"excerpt":{"rendered":"C\u2019est offi\u00adciel\u202f! Casper Ruud va int\u00e9\u00adgrer le team Europe aux cot\u00e9s d\u2019Alcaraz, Zverev et Rune. Il reste donc&hellip;\n","protected":false},"author":2,"featured_media":284948,"comment_status":"","ping_status":"","sticky":false,"template":"","format":"standard","meta":{"footnotes":""},"categories":[1415],"tags":[1744,1011,27,60,1467,4542],"class_list":{"0":"post-284947","1":"post","2":"type-post","3":"status-publish","4":"format-standard","5":"has-post-thumbnail","7":"category-tennis","8":"tag-alcaraz","9":"tag-fr","10":"tag-france","11":"tag-sports","12":"tag-tennis","13":"tag-zverev"},"share_on_mastodon":{"url":"https:\/\/pubeurope.com\/@fr\/114943662653357526","error":""},"_links":{"self":[{"href":"https:\/\/www.europesays.com\/fr\/wp-json\/wp\/v2\/posts\/284947","targetHints":{"allow":["GET"]}}],"collection":[{"href":"https:\/\/www.europesays.com\/fr\/wp-json\/wp\/v2\/posts"}],"about":[{"href":"https:\/\/www.europesays.com\/fr\/wp-json\/wp\/v2\/types\/post"}],"author":[{"embeddable":true,"href":"https:\/\/www.europesays.com\/fr\/wp-json\/wp\/v2\/users\/2"}],"replies":[{"embeddable":true,"href":"https:\/\/www.europesays.com\/fr\/wp-json\/wp\/v2\/comments?post=284947"}],"version-history":[{"count":0,"href":"https:\/\/www.europesays.com\/fr\/wp-json\/wp\/v2\/posts\/284947\/revisions"}],"wp:featuredmedia":[{"embeddable":true,"href":"https:\/\/www.europesays.com\/fr\/wp-json\/wp\/v2\/media\/284948"}],"wp:attachment":[{"href":"https:\/\/www.europesays.com\/fr\/wp-json\/wp\/v2\/media?parent=284947"}],"wp:term":[{"taxonomy":"category","embeddable":true,"href":"https:\/\/www.europesays.com\/fr\/wp-json\/wp\/v2\/categories?post=284947"},{"taxonomy":"post_tag","embeddable":true,"href":"https:\/\/www.europesays.com\/fr\/wp-json\/wp\/v2\/tags?post=284947"}],"curies":[{"name":"wp","href":"https:\/\/api.w.org\/{rel}","templated":true}]}}