{"id":284950,"date":"2025-07-30T18:46:10","date_gmt":"2025-07-30T18:46:10","guid":{"rendered":"https:\/\/www.europesays.com\/fr\/284950\/"},"modified":"2025-07-30T18:46:10","modified_gmt":"2025-07-30T18:46:10","slug":"etre-envoye-special-cest-un-choix-de-vie","status":"publish","type":"post","link":"https:\/\/www.europesays.com\/fr\/284950\/","title":{"rendered":"\u00ab\u2009\u00catre envoy\u00e9 sp\u00e9cial, c\u2019est un choix de vie\u2009\u00bb"},"content":{"rendered":"<p><strong>Ce <a href=\"https:\/\/www.autohebdo.fr\/actualites\/autres-courses\/covoiturage\" data-internallinksmanager029f6b8e52c=\"69\" title=\"Covoiturage\" rel=\"nofollow noopener\" target=\"_blank\">covoiturage<\/a> avec Jean-Louis Moncet est paru dans le num\u00e9ro 2263 d\u2019AUTOhebdo du 13 mai 2020.<\/strong><\/p>\n<p class=\"field_LQ2509572C\"><strong>Nous vous retrouvons \u00e0 bord d\u2019une voiture typiquement citadine\u2026<\/strong><\/p>\n<p>C\u2019est exact. C\u2019est une Mini tr\u00e8s fiable gr\u00e2ce \u00e0 ses pi\u00e8ces BMW. Je l\u2019ai pris la plus l\u00e9g\u00e8re possible, sans aucune option superflue. Comme le disait Colin Chapman : \u00ab\u2009Light is right\u2009\u00bb. J\u2019aurais pu demander une voiture de sport \u00e0 une connaissance, mais cela aurait manqu\u00e9 d\u2019authenticit\u00e9. Je ne triche pas, c\u2019est ma voiture de tous les jours pour rouler dans Paris.<\/p>\n<p class=\"field_LQ2509572C\"><strong>Pourquoi prendre du recul en ce d\u00e9but d\u2019ann\u00e9e 2020\u2009?<\/strong><\/p>\n<p>J\u2019ai fait 40 ans de <a href=\"https:\/\/www.autohebdo.fr\/actualites\/f1\" data-internallinksmanager029f6b8e52c=\"1\" title=\"F1\" rel=\"nofollow noopener\" target=\"_blank\">Formule 1<\/a>, c\u2019est-\u00e0-dire 40 ans de voyages au bout du monde, sans classe Business. C\u2019est beaucoup. De plus, la F1 n\u2019est plus celle que j\u2019ai connue. Ce qui m\u2019agace un tantinet, c\u2019est la m\u00e9diatisation emmerdante. Avant, tu pouvais taper la causette avec Carlos Reutemann ou Alan Jones, des gars <\/p>\n","protected":false},"excerpt":{"rendered":"Ce covoiturage avec Jean-Louis Moncet est paru dans le num\u00e9ro 2263 d\u2019AUTOhebdo du 13 mai 2020. Nous vous&hellip;\n","protected":false},"author":2,"featured_media":284951,"comment_status":"","ping_status":"","sticky":false,"template":"","format":"standard","meta":{"footnotes":""},"categories":[1412],"tags":[1451,1452,1453,1454,1455,1011,27,60],"class_list":{"0":"post-284950","1":"post","2":"type-post","3":"status-publish","4":"format-standard","5":"has-post-thumbnail","7":"category-f1","8":"tag-f1","9":"tag-formula-1","10":"tag-formula1","11":"tag-formule-1","12":"tag-formule1","13":"tag-fr","14":"tag-france","15":"tag-sports"},"share_on_mastodon":{"url":"https:\/\/pubeurope.com\/@fr\/114943674504057404","error":""},"_links":{"self":[{"href":"https:\/\/www.europesays.com\/fr\/wp-json\/wp\/v2\/posts\/284950","targetHints":{"allow":["GET"]}}],"collection":[{"href":"https:\/\/www.europesays.com\/fr\/wp-json\/wp\/v2\/posts"}],"about":[{"href":"https:\/\/www.europesays.com\/fr\/wp-json\/wp\/v2\/types\/post"}],"author":[{"embeddable":true,"href":"https:\/\/www.europesays.com\/fr\/wp-json\/wp\/v2\/users\/2"}],"replies":[{"embeddable":true,"href":"https:\/\/www.europesays.com\/fr\/wp-json\/wp\/v2\/comments?post=284950"}],"version-history":[{"count":0,"href":"https:\/\/www.europesays.com\/fr\/wp-json\/wp\/v2\/posts\/284950\/revisions"}],"wp:featuredmedia":[{"embeddable":true,"href":"https:\/\/www.europesays.com\/fr\/wp-json\/wp\/v2\/media\/284951"}],"wp:attachment":[{"href":"https:\/\/www.europesays.com\/fr\/wp-json\/wp\/v2\/media?parent=284950"}],"wp:term":[{"taxonomy":"category","embeddable":true,"href":"https:\/\/www.europesays.com\/fr\/wp-json\/wp\/v2\/categories?post=284950"},{"taxonomy":"post_tag","embeddable":true,"href":"https:\/\/www.europesays.com\/fr\/wp-json\/wp\/v2\/tags?post=284950"}],"curies":[{"name":"wp","href":"https:\/\/api.w.org\/{rel}","templated":true}]}}