{"id":284952,"date":"2025-07-30T18:47:13","date_gmt":"2025-07-30T18:47:13","guid":{"rendered":"https:\/\/www.europesays.com\/fr\/284952\/"},"modified":"2025-07-30T18:47:13","modified_gmt":"2025-07-30T18:47:13","slug":"cyclisme-tour-de-wallonie-clement-izquierdo-oliver-et-moi-cest-completement-fou","status":"publish","type":"post","link":"https:\/\/www.europesays.com\/fr\/284952\/","title":{"rendered":"Cyclisme. Tour de Wallonie &#8211; Cl\u00e9ment Izquierdo : \u00abOliver et moi&#8230; C&rsquo;est compl\u00e8tement fou !\u00bb"},"content":{"rendered":"<p>C&rsquo;\u00e9tait l&rsquo;ultime \u00e9tape de cette 46e \u00e9dition de l\u2019<strong><a href=\"https:\/\/www.cyclismactu.net\/..\/news-cyclisme-route-tour-de-wallonie-clement-izquierdo-remporte-5e-etape-corbin-strong-general-89347.html\" target=\"_blank\" rel=\"nofollow noopener\">Ethias-Tour de Wallonie<\/a><\/strong> ! \u00c0 l&rsquo;issue d&rsquo;une bataille intense entre l&rsquo;\u00e9chapp\u00e9e et le peloton, c\u2019est bien un membre de l&rsquo;\u00e9chapp\u00e9e matinale, en la personne de <strong>Cl\u00e9ment Izquierdo<\/strong> (Cofidis), qui s&rsquo;est impos\u00e9, r\u00e9sistant au leader <strong><a href=\"https:\/\/www.cyclismactu.net\/..\/news-cyclisme-route-tour-de-wallonie-corbin-strong-cette-saison-n-est-pas-comme-souhaitais-89352.html\" target=\"_blank\" rel=\"nofollow noopener\">Corbin Strong<\/a><\/strong> (Israel\u2013Premier Tech), revenu du diable vauvert au sein du peloton, et \u00e0 un autre coureur de l&rsquo;\u00e9chapp\u00e9e, <strong>Lorenzo Milesi<\/strong> (Movistar Team), qui compl\u00e8te le podium. Apr\u00e8s 149 kilom\u00e8tres pass\u00e9s \u00e0 l&rsquo;avant, le natif de Marseille est venu chercher sa toute premi\u00e8re victoire professionnelle. Il s&rsquo;est exprim\u00e9 dans le communiqu\u00e9 de son \u00e9quipe sur cette magnifique victoire et sur cette superbe semaine pour<strong> Cofidis<\/strong>, puisque, en plus de cette derni\u00e8re \u00e9tape remport\u00e9e, l&rsquo;\u00e9quipe a d\u00e9croch\u00e9 un podium avec <strong>Oliver Knight<\/strong>, victorieux sur les routes de Sambreville dimanche dernier.<\/p>\n<p>Vid\u00e9o &#8211; Une superbe semaine pour la Cofidis de Vasseur ! Lire la suite de l&rsquo;article&#13;<\/p>\n<p>\u00a0<\/p>\n<p>&#13;<br \/>\n<strong>\u00ab\u00a0Je ne me sentais pas super bien et&#8230;\u00a0\u00bb<\/strong>&#13;<\/p>\n<p>Le coureur de 23 ans s&rsquo;offre donc le premier succ\u00e8s de sa jeune carri\u00e8re ! Pass\u00e9 par le club d\u2019<strong>AVC\u00a0Aix-en-Provence<\/strong>, le jeune Marseillais est pass\u00e9 pro cette saison avec la formation de <strong>C\u00e9dric Vasseur<\/strong>. Apr\u00e8s sa victoire, il s&rsquo;est exprim\u00e9 et a d\u00e9clar\u00e9 : \u00ab\u00a0C&rsquo;est juste incroyable ! Pourtant, je ne me sentais pas super bien depuis le d\u00e9but de ce Tour de Wallonie. Mais on a fait un super travail tout au long de la course. Il y a eu la victoire d\u2019Oliver (Knight) dimanche, Milan (Fretin) n&rsquo;est pas pass\u00e9 loin le lendemain, et moi aujourd&rsquo;hui&#8230; C&rsquo;est compl\u00e8tement fou !\u00a0\u00bb, conclut <strong>Cl\u00e9ment Izquierdo<\/strong>, dans le communiqu\u00e9 officiel de l&rsquo;\u00e9quipe <strong>Cofidis<\/strong>.<\/p>\n<p>Ethias Tour de Wallonie &#8211; Classement de la 5\u00e8 \u00e9tape Ethias Tour de Wallonie &#8211; Classement g\u00e9n\u00e9ral<\/p>\n","protected":false},"excerpt":{"rendered":"C&rsquo;\u00e9tait l&rsquo;ultime \u00e9tape de cette 46e \u00e9dition de l\u2019Ethias-Tour de Wallonie ! \u00c0 l&rsquo;issue d&rsquo;une bataille intense entre&hellip;\n","protected":false},"author":2,"featured_media":284953,"comment_status":"","ping_status":"","sticky":false,"template":"","format":"standard","meta":{"footnotes":""},"categories":[1411],"tags":[1154,207,211,1011,27,209,60,210,41699,212,208,213],"class_list":{"0":"post-284952","1":"post","2":"type-post","3":"status-publish","4":"format-standard","5":"has-post-thumbnail","7":"category-cyclisme","8":"tag-cycling","9":"tag-cyclisme","10":"tag-ffc","11":"tag-fr","12":"tag-france","13":"tag-route","14":"tag-sports","15":"tag-tour-de-france","16":"tag-tour-de-wallonie","17":"tag-uci","18":"tag-velo","19":"tag-world-tour"},"share_on_mastodon":{"url":"https:\/\/pubeurope.com\/@fr\/114943678418016192","error":""},"_links":{"self":[{"href":"https:\/\/www.europesays.com\/fr\/wp-json\/wp\/v2\/posts\/284952","targetHints":{"allow":["GET"]}}],"collection":[{"href":"https:\/\/www.europesays.com\/fr\/wp-json\/wp\/v2\/posts"}],"about":[{"href":"https:\/\/www.europesays.com\/fr\/wp-json\/wp\/v2\/types\/post"}],"author":[{"embeddable":true,"href":"https:\/\/www.europesays.com\/fr\/wp-json\/wp\/v2\/users\/2"}],"replies":[{"embeddable":true,"href":"https:\/\/www.europesays.com\/fr\/wp-json\/wp\/v2\/comments?post=284952"}],"version-history":[{"count":0,"href":"https:\/\/www.europesays.com\/fr\/wp-json\/wp\/v2\/posts\/284952\/revisions"}],"wp:featuredmedia":[{"embeddable":true,"href":"https:\/\/www.europesays.com\/fr\/wp-json\/wp\/v2\/media\/284953"}],"wp:attachment":[{"href":"https:\/\/www.europesays.com\/fr\/wp-json\/wp\/v2\/media?parent=284952"}],"wp:term":[{"taxonomy":"category","embeddable":true,"href":"https:\/\/www.europesays.com\/fr\/wp-json\/wp\/v2\/categories?post=284952"},{"taxonomy":"post_tag","embeddable":true,"href":"https:\/\/www.europesays.com\/fr\/wp-json\/wp\/v2\/tags?post=284952"}],"curies":[{"name":"wp","href":"https:\/\/api.w.org\/{rel}","templated":true}]}}