{"id":284954,"date":"2025-07-30T18:48:11","date_gmt":"2025-07-30T18:48:11","guid":{"rendered":"https:\/\/www.europesays.com\/fr\/284954\/"},"modified":"2025-07-30T18:48:11","modified_gmt":"2025-07-30T18:48:11","slug":"bordeaux-colomiers-les-girondins-menent-a-la-pause-avec-vital-nsimba","status":"publish","type":"post","link":"https:\/\/www.europesays.com\/fr\/284954\/","title":{"rendered":"Bordeaux-Colomiers : les Girondins m\u00e8nent \u00e0 la pause avec Vital Nsimba"},"content":{"rendered":"<p><img decoding=\"async\" src=\"https:\/\/www.europesays.com\/fr\/wp-content\/uploads\/2025\/07\/671_6988478ef259791488ac51cdece3c291.jpg\" alt=\"Bordeaux-Colomiers : les Girondins m\u00e8nent \u00e0 la pause avec Vital Nsimba\" class=\"img-responsive mt-3\"\/><\/p>\n<p class=\"text-center mb-3\" style=\"font-size: 14px\">\u00a9 Iconsport<\/p>\n<p style=\"text-align: justify;\">C&rsquo;est un 11 de d\u00e9part estampill\u00e9 N2 que Bruno Irl\u00e8s aligne pour d\u00e9buter cette rencontre.<\/p>\n<p style=\"text-align: justify;\">Le 11 de la premi\u00e8re p\u00e9riode : Le 11 bordelais : Hoekstra &#8211; Grillot (c) &#8211; Vandenabeele &#8211; Droehnl\u00e9 &#8211; Jousselin &#8211; Trichard &#8211; Diop &#8211; Odru &#8211; Openda &#8211; Villette &#8211; Etonde.<\/p>\n<p style=\"text-align: justify;\">L&rsquo;ouverture du score : \u00e0 la suite du premier corner du match tir\u00e9 par Guillaume Odru, le gardien de Colomiers repousse le ballon sur Driss Trichard qui marque (3e minute).<\/p>\n<p><strong>Nsimba remplace Trichard bless\u00e9<\/strong><\/p>\n<p style=\"text-align: justify;\">\u00c0 noter que le buteur, Driss Trichard est sorti en boitant apr\u00e8s un tacle adverse. C&rsquo;est Vital Nsimba qui s&rsquo;entra\u00eene avec le groupe N2 en attendant un club qui est entr\u00e9 en jeu \u00e0 sa place.<\/p>\n<p>\u00a0<\/p>\n<p>La rencontre n&rsquo;est pas diffus\u00e9e.<\/p>\n<p>\u00c0 lire &gt;&gt; <strong><a href=\"https:\/\/www.webgirondins.com\/actualite-girondins-girondins-on-ne-va-pas-tergiverser-il-faut-gagner-les-matchs-a-domicile-pour-monter-129886\" target=\"_blank\" rel=\"noopener\">On ne va pas tergiverser, il faut gagner les matchs \u00e0 domicile pour monter\u00a0\u00bb<\/a><\/strong><\/p>\n<p>Notre podcast court mercato et gardien de but :<\/p>\n<p>\u00a0<\/p>\n<p>\u00a0<\/p>\n","protected":false},"excerpt":{"rendered":"\u00a9 Iconsport C&rsquo;est un 11 de d\u00e9part estampill\u00e9 N2 que Bruno Irl\u00e8s aligne pour d\u00e9buter cette rencontre. Le&hellip;\n","protected":false},"author":2,"featured_media":284955,"comment_status":"","ping_status":"","sticky":false,"template":"","format":"standard","meta":{"footnotes":""},"categories":[1410],"tags":[3396,1997,6692,41590,2823,63,1011,27,1987,6691,10433,3289,955,19743,6774,39232,11965,29390,60,39231],"class_list":{"0":"post-284954","1":"post","2":"type-post","3":"status-publish","4":"format-standard","5":"has-post-thumbnail","7":"category-football","8":"tag-avec","9":"tag-bordeaux","10":"tag-clos","11":"tag-colomiers","12":"tag-face","13":"tag-football","14":"tag-fr","15":"tag-france","16":"tag-girondins","17":"tag-huis","18":"tag-jouent","19":"tag-leur","20":"tag-match","21":"tag-menent","22":"tag-mercredi","23":"tag-nsimba","24":"tag-pause","25":"tag-preparation","26":"tag-sports","27":"tag-vital"},"share_on_mastodon":{"url":"https:\/\/pubeurope.com\/@fr\/114943682457553661","error":""},"_links":{"self":[{"href":"https:\/\/www.europesays.com\/fr\/wp-json\/wp\/v2\/posts\/284954","targetHints":{"allow":["GET"]}}],"collection":[{"href":"https:\/\/www.europesays.com\/fr\/wp-json\/wp\/v2\/posts"}],"about":[{"href":"https:\/\/www.europesays.com\/fr\/wp-json\/wp\/v2\/types\/post"}],"author":[{"embeddable":true,"href":"https:\/\/www.europesays.com\/fr\/wp-json\/wp\/v2\/users\/2"}],"replies":[{"embeddable":true,"href":"https:\/\/www.europesays.com\/fr\/wp-json\/wp\/v2\/comments?post=284954"}],"version-history":[{"count":0,"href":"https:\/\/www.europesays.com\/fr\/wp-json\/wp\/v2\/posts\/284954\/revisions"}],"wp:featuredmedia":[{"embeddable":true,"href":"https:\/\/www.europesays.com\/fr\/wp-json\/wp\/v2\/media\/284955"}],"wp:attachment":[{"href":"https:\/\/www.europesays.com\/fr\/wp-json\/wp\/v2\/media?parent=284954"}],"wp:term":[{"taxonomy":"category","embeddable":true,"href":"https:\/\/www.europesays.com\/fr\/wp-json\/wp\/v2\/categories?post=284954"},{"taxonomy":"post_tag","embeddable":true,"href":"https:\/\/www.europesays.com\/fr\/wp-json\/wp\/v2\/tags?post=284954"}],"curies":[{"name":"wp","href":"https:\/\/api.w.org\/{rel}","templated":true}]}}