{"id":284964,"date":"2025-07-30T18:53:13","date_gmt":"2025-07-30T18:53:13","guid":{"rendered":"https:\/\/www.europesays.com\/fr\/284964\/"},"modified":"2025-07-30T18:53:13","modified_gmt":"2025-07-30T18:53:13","slug":"pascal-obispo-a-60-ans-le-chanteur-fait-une-annonce-choc-qui-va-bouleverser-ses-fans","status":"publish","type":"post","link":"https:\/\/www.europesays.com\/fr\/284964\/","title":{"rendered":"Pascal Obispo : \u00e0 60 ans, le chanteur fait une annonce choc qui va bouleverser ses fans"},"content":{"rendered":"<p>      R\u00e9sum\u00e9<\/p>\n<p>\u00c0 60 ans, Pascal Obispo annonce envisager la retraite apr\u00e8s son prochain album, voulant tourner la page des tourn\u00e9es r\u00e9p\u00e9titives et se concentrer sur de nouveaux projets.<\/p>\n<p>        Sommaire<\/p>\n<p>Depuis 1992, <strong>Pascal Obispo<\/strong> est l&rsquo;un des chanteurs les plus populaires de la sc\u00e8ne fran\u00e7aise. Mais apr\u00e8s quinze albums, celui qui s&rsquo;appr\u00eate \u00e0 en sortir un seizi\u00e8me dans quelques semaines semble pr\u00eat \u00e0 raccrocher. En effet, alors qu&rsquo;il vient de cl\u00f4turer la tourn\u00e9e de son dernier album L&rsquo;archipel des s\u00e9quelles, le chanteur a fait <strong>une annonce bouleversante \u00e0 ses fans<\/strong>.<\/p>\n<p>Ce mardi 29 juillet, <strong>alors qu&rsquo;il donnait un concert \u00e0 Colmar<\/strong>, Pascal Obispo a surpris les centaines de personnes venues l&rsquo;acclamer. Le chanteur, <a href=\"https:\/\/vsd.fr\/74976-tout-nest-pas-regle-pascal-obispo-se-livre-en-toute-franchise-sur-ses-soucis-de-sante\/\" rel=\"nofollow noopener\" target=\"_blank\">qui a f\u00eat\u00e9 ses 60 ans en d\u00e9but d&rsquo;ann\u00e9e<\/a>, a annonc\u00e9 qu&rsquo;il pensait plus que jamais \u00e0 la retraite. Il a ainsi r\u00e9v\u00e9l\u00e9 que ce concert donn\u00e9 \u00e9tait <strong>le dernier de sa tourn\u00e9e<\/strong>, et que l&rsquo;album qu&rsquo;il pr\u00e9pare pour l&rsquo;automne pourrait bien \u00eatre le dernier&#8230;<\/p>\n<p>Pascal Obispo en a marre de chanter les m\u00eames chansons<\/p>\n<p><strong>\u00ab\u00a0Il se trouve que c\u2019est ma derni\u00e8re date, et on part \u00e0 la retraite. Il faut savoir passer \u00e0 autre chose\u00a0\u00bb <\/strong>a ainsi balanc\u00e9 Pascal Obispo. Et si l&rsquo;artiste est de retour \u00e0 l&rsquo;automne avec un nouvel album qu&rsquo;il a baptis\u00e9 H\u00e9ritage, celui-ci pourrait bien \u00eatre le dernier. La soixantaine d\u00e9butant, celui qui a collabor\u00e9 avec les plus grands, de Natasha St-Pier \u00e0 Zazie <a href=\"https:\/\/www.public.fr\/cetait-moi-ladulte-pascal-obispo-sans-fard-sur-sa-relation-avec-johnny-hallyday\" rel=\"nofollow noopener\" target=\"_blank\">en passant par Johnny Hallyday<\/a>, entend <strong>passer la main \u00e0 court terme<\/strong>.<\/p>\n<p>\u00ab\u00a0Les nouvelles chansons passent puis les anciens titres reviennent. <strong>Je ne me vois pas refaire toujours la m\u00eame tourn\u00e9e avec les m\u00eames chansons<\/strong>. \u00c7a ne m\u2019emb\u00eate pas, mais je ne me vois pas repartir dans deux ans et refaire pareil\u00a0\u00bb explique Pascal Obispo. Le chanteur, visiblement las de toujours chanter ses titres iconiques, aimerait pouvoir proposer de nouvelles choses. Mais le public a toujours raison&#8230;<\/p>\n<p>Pascal Obispo pourrait toutefois rebondir, \u00e0 condition qu&rsquo;un nouveau projet l&#8217;emballe&#8230; \u00ab\u00a0J\u2019ai toujours travaill\u00e9 dans des concepts originaux. <strong>Si je dois refaire une tourn\u00e9e, il faudra que je trouve un concept fort, sinon non<\/strong>\u00a0\u00bb a ainsi d\u00e9clar\u00e9 l&rsquo;artiste. Son nouvel album, qui contient deux titres d\u00e9j\u00e0 r\u00e9v\u00e9l\u00e9s, Notre-Dame et la France et Appelle-moi Johnny, va-t-il s\u00e9duire ?<\/p>\n<p>      Mentionn\u00e9s dans cet article<\/p>\n<p>\u00c0 lire aussi<\/p>\n","protected":false},"excerpt":{"rendered":"R\u00e9sum\u00e9 \u00c0 60 ans, Pascal Obispo annonce envisager la retraite apr\u00e8s son prochain album, voulant tourner la page&hellip;\n","protected":false},"author":2,"featured_media":284965,"comment_status":"","ping_status":"","sticky":false,"template":"","format":"standard","meta":{"footnotes":""},"categories":[1355],"tags":[58,59,1011,27,1361,873,17603,137],"class_list":{"0":"post-284964","1":"post","2":"type-post","3":"status-publish","4":"format-standard","5":"has-post-thumbnail","7":"category-musique","8":"tag-divertissement","9":"tag-entertainment","10":"tag-fr","11":"tag-france","12":"tag-music","13":"tag-musique","14":"tag-pascal-obispo","15":"tag-retraite"},"share_on_mastodon":{"url":"https:\/\/pubeurope.com\/@fr\/114943702118296739","error":""},"_links":{"self":[{"href":"https:\/\/www.europesays.com\/fr\/wp-json\/wp\/v2\/posts\/284964","targetHints":{"allow":["GET"]}}],"collection":[{"href":"https:\/\/www.europesays.com\/fr\/wp-json\/wp\/v2\/posts"}],"about":[{"href":"https:\/\/www.europesays.com\/fr\/wp-json\/wp\/v2\/types\/post"}],"author":[{"embeddable":true,"href":"https:\/\/www.europesays.com\/fr\/wp-json\/wp\/v2\/users\/2"}],"replies":[{"embeddable":true,"href":"https:\/\/www.europesays.com\/fr\/wp-json\/wp\/v2\/comments?post=284964"}],"version-history":[{"count":0,"href":"https:\/\/www.europesays.com\/fr\/wp-json\/wp\/v2\/posts\/284964\/revisions"}],"wp:featuredmedia":[{"embeddable":true,"href":"https:\/\/www.europesays.com\/fr\/wp-json\/wp\/v2\/media\/284965"}],"wp:attachment":[{"href":"https:\/\/www.europesays.com\/fr\/wp-json\/wp\/v2\/media?parent=284964"}],"wp:term":[{"taxonomy":"category","embeddable":true,"href":"https:\/\/www.europesays.com\/fr\/wp-json\/wp\/v2\/categories?post=284964"},{"taxonomy":"post_tag","embeddable":true,"href":"https:\/\/www.europesays.com\/fr\/wp-json\/wp\/v2\/tags?post=284964"}],"curies":[{"name":"wp","href":"https:\/\/api.w.org\/{rel}","templated":true}]}}