{"id":284968,"date":"2025-07-30T18:55:10","date_gmt":"2025-07-30T18:55:10","guid":{"rendered":"https:\/\/www.europesays.com\/fr\/284968\/"},"modified":"2025-07-30T18:55:10","modified_gmt":"2025-07-30T18:55:10","slug":"vous-devriez-manger-ces-aliments-pour-leviter-selon-ce-medecin-specialiste","status":"publish","type":"post","link":"https:\/\/www.europesays.com\/fr\/284968\/","title":{"rendered":"vous devriez manger ces aliments pour l&rsquo;\u00e9viter, selon ce m\u00e9decin sp\u00e9cialiste"},"content":{"rendered":"<p>Une tendance inqui\u00e9tante qui pourrait \u00eatre enray\u00e9e par un changement massif d&rsquo;habitudes. D&rsquo;apr\u00e8s un sp\u00e9cialiste britannique des cancers colorectaux, ajouter des fibres \u00e0 votre r\u00e9gime alimentaire peut vous prot\u00e9ger contre le cancer de l&rsquo;intestin.<\/p>\n<p>Chirurgien colorectal \u00e0 l&rsquo;h\u00f4pital Harborne de Birmingham (Royaume-Uni), le Dr Haney Youssef a constat\u00e9 depuis plusieurs ann\u00e9es une augmentation des cas de cancers de l&rsquo;intestin et a livr\u00e9 au <a data-i13n=\"cpos:1;pos:1\" href=\"https:\/\/www.dailymail.co.uk\/health\/article-14951125\/bowel-cancer-fibre-young-people.html\" rel=\"nofollow noopener\" target=\"_blank\" data-ylk=\"slk:Daily Mail;cpos:1;pos:1;elm:context_link;itc:0;sec:content-canvas\" class=\"link \">Daily Mail<\/a> quelques conseils nutritionnels pour s&rsquo;en pr\u00e9munir.<\/p>\n<p>Les cas de cancers colorectaux en augmentation chez les 25-49 ans<\/p>\n<p>Comme l&rsquo;explique le m\u00e9dia britannique, la majorit\u00e9 des pays occidentaux sont confront\u00e9s \u00e0 une hausse constante du nombre de cancers colorectaux diagnostiqu\u00e9s au sein de leur population, particuli\u00e8rement chez les jeunes. En France, pas moins de <a data-i13n=\"cpos:2;pos:1\" href=\"https:\/\/fr.news.yahoo.com\/gastro-ent%C3%A9rologue-alerte-cancer-c%C3%B4lon-095453282.html\" data-ylk=\"slk:47 582 nouveaux cas;cpos:2;pos:1;elm:context_link;itc:0;sec:content-canvas;outcm:mb_qualified_link;_E:mb_qualified_link;ct:story;\" class=\"link  yahoo-link\" rel=\"nofollow noopener\" target=\"_blank\">47 582 nouveaux cas<\/a> ont ainsi \u00e9t\u00e9 recens\u00e9s au cours de l&rsquo;ann\u00e9e 2023.<\/p>\n<p>Au Royaume-Uni, le taux annuel d&rsquo;augmentation des cas chez les 25-49 ans a \u00e9t\u00e9 mesur\u00e9 \u00e0 3,59%, d&rsquo;apr\u00e8s les statistiques issues d&rsquo;<a data-i13n=\"cpos:3;pos:1\" href=\"https:\/\/pubmed.ncbi.nlm.nih.gov\/39674189\/\" rel=\"nofollow noopener\" target=\"_blank\" data-ylk=\"slk:une \u00e9tude publi\u00e9e par The Lancet Oncology;cpos:3;pos:1;elm:context_link;itc:0;sec:content-canvas\" class=\"link \">une \u00e9tude publi\u00e9e par The Lancet Oncology<\/a>. En France, la hausse est \u00e0 peine moins prononc\u00e9e puisque le taux annuel s&rsquo;\u00e9l\u00e8ve \u00e0 2,09%.<\/p>\n<p>Une corr\u00e9lation \u00e9tablie depuis longtemps par la recherche<\/p>\n<p>Selon le Dr Haney Youssef, cette hausse continue doit inqui\u00e9ter les pouvoirs publics, mais aussi les citoyens, qui ont le pouvoir, en \u00e9quilibrant mieux leur alimentation, de prot\u00e9ger leur organisme contre la menace d&rsquo;un cancer de l&rsquo;intestin.<\/p>\n<p>\u00ab\u00a0Les recherches montrent syst\u00e9matiquement que les personnes qui consomment suffisamment de fibres ont des taux de cancer colorectal significativement plus faibles\u00a0\u00bb, indique ainsi le sp\u00e9cialiste, reprenant un \u00e9l\u00e9ment bien connu de la litt\u00e9rature scientifique sur ce sujet.<\/p>\n<p>Consommer au moins 25g de fibres par jour r\u00e9duit les risques de cancers colorectaux<\/p>\n<p>Le Dr Youssef ne manque d&rsquo;ailleurs pas d&rsquo;\u00e9tablir un lien entre le d\u00e9ficit de fibres dans la consommation alimentaire journali\u00e8re des adultes au Royaume-Uni et la progression constante des cancers colorectaux, jugeant la situation \u00ab\u00a0pr\u00e9occupante\u00a0\u00bb.<\/p>\n<p>Selon l&rsquo;institut Bowel Cancer UK, ce d\u00e9ficit serait ainsi en cause dans au moins 28% des cas diagnostiqu\u00e9s dans le pays. A l&rsquo;inverse, de nombreuses \u00e9tudes, men\u00e9es notamment par <a data-i13n=\"cpos:4;pos:1\" href=\"https:\/\/www.reseaunacre.eu\/prevention-primaire\/facteurs-nutritionnels\/fibres-alimentaires-et-cancer\" rel=\"nofollow noopener\" target=\"_blank\" data-ylk=\"slk:le Centre international de recherche contre le cancer;cpos:4;pos:1;elm:context_link;itc:0;sec:content-canvas\" class=\"link \">le Centre international de recherche contre le cancer<\/a>, ont conclu \u00e0 une diminution du risque de cancer colorectal chez les personnes consommant au moins 25 grammes de fibres par jour.<\/p>\n<p>Un r\u00f4le de \u00ab\u00a0syst\u00e8me de nettoyage interne\u00a0\u00bb<\/p>\n<p>Comme l&rsquo;explique le Dr Haney Youssef, ces fibres pr\u00e9sentes dans de nombreux v\u00e9g\u00e9taux et qui ne sont ni dig\u00e9r\u00e9es, ni absorb\u00e9es par notre organisme jouent un r\u00f4le de \u00ab\u00a0syst\u00e8me de nettoyage interne : elles aident \u00e0 \u00e9liminer les d\u00e9chets tout en nourrissant les bonnes bact\u00e9ries qui maintiennent notre environnement intestinal en bonne sant\u00e9\u00a0\u00bb.<\/p>\n<p>\u00ab\u00a0Les fibres aident \u00e0 maintenir des selles r\u00e9guli\u00e8res, r\u00e9duisant ainsi le temps que les toxines potentielles passent en contact avec la paroi intestinale, poursuit l&rsquo;expert britannique. C\u2019est crucial car un contact prolong\u00e9 avec des substances nocives peut endommager la paroi d\u00e9licate de notre c\u00f4lon et de notre rectum.\u00a0\u00bb<\/p>\n<p><strong>LIRE AUSSI &gt;&gt; <\/strong><a data-i13n=\"cpos:5;pos:1\" href=\"https:\/\/fr.news.yahoo.com\/%C3%A9tude-d%C3%A9couvre-boisson-pourrait-r%C3%A9duire-133716363.html\" data-ylk=\"slk:Une \u00e9tude d\u00e9couvre que cette boisson pourrait r\u00e9duire le risque de cancer de l\u2019intestin de 17%;cpos:5;pos:1;elm:context_link;itc:0;sec:content-canvas;outcm:mb_qualified_link;_E:mb_qualified_link;ct:story;\" class=\"link  yahoo-link\" rel=\"nofollow noopener\" target=\"_blank\"><strong>Une \u00e9tude d\u00e9couvre que cette boisson pourrait r\u00e9duire le risque de cancer de l\u2019intestin de 17%<\/strong><\/a><\/p>\n<p>Des bienfaits sur les cellules prot\u00e9geant notre syst\u00e8me digestif<\/p>\n<p>En acc\u00e9l\u00e9rant l&rsquo;\u00e9vacuation de ces substances toxiques, les fibres alimentaires permettent donc d&rsquo;\u00e9viter ce \u00ab\u00a0contact prolong\u00e9\u00a0\u00bb avec notre syst\u00e8me digestif, qui peut se r\u00e9v\u00e9ler d\u00e9vastateur pour ce dernier. Les bienfaits de ces glucides complexes d&rsquo;origine v\u00e9g\u00e9tale ne s&rsquo;arr\u00eatent d&rsquo;ailleurs pas l\u00e0.<\/p>\n<p>\u00ab\u00a0Lorsque les bact\u00e9ries b\u00e9n\u00e9fiques de notre intestin fermentent les fibres, elles produisent des acides gras \u00e0 cha\u00eene courte comme le butyrate, d\u00e9crit le Dr Youssef. Ces compos\u00e9s nourrissent en fait les cellules qui tapissent notre intestin et ont des propri\u00e9t\u00e9s anti-inflammatoires aidant \u00e0 pr\u00e9venir les changements cellulaires qui peuvent conduire au cancer\u00a0\u00bb.<\/p>\n<p>Manger plus de fibres en \u00ab\u00a0augmentant progressivement\u00a0\u00bb<\/p>\n<p>Ajoutant qu&rsquo;une consommation quotidienne de fibres alimentaires peut \u00e9galement prot\u00e9ger votre organisme contre certaines bact\u00e9ries parasites comme <a data-i13n=\"cpos:6;pos:1\" href=\"https:\/\/fr.news.yahoo.com\/sport\/intoxication-alimentaire-qu-bact%C3%A9rie-e-114800854.html\" data-ylk=\"slk:la c\u00e9l\u00e8bre E. coli;cpos:6;pos:1;elm:context_link;itc:0;sec:content-canvas;outcm:mb_qualified_link;_E:mb_qualified_link;ct:story;\" class=\"link  yahoo-link\" rel=\"nofollow noopener\" target=\"_blank\">la c\u00e9l\u00e8bre E. coli<\/a>, le Dr Youssef recommande donc d&rsquo;ajouter d&rsquo;une mani\u00e8re ou d&rsquo;une autre des fibres alimentaires \u00e0 votre alimentation.<\/p>\n<p>Parmi les aliments conseill\u00e9s, le Daily Mail cite notamment \u00ab\u00a0l\u2019avoine compl\u00e8te, les fruits et l\u00e9gumes, les noix et les graines\u00a0\u00bb, avec l&rsquo;objectif de consommer ce type d&rsquo;aliments \u00e0 chaque repas. \u00ab\u00a0La cl\u00e9 est d\u2019augmenter progressivement pour permettre \u00e0 votre syst\u00e8me digestif de s\u2019adapter confortablement\u00a0\u00bb, indique le Dr Youssef. Pour vous donner les meilleures chances d&rsquo;\u00e9viter un cancer de l&rsquo;intestin, la voie \u00e0 suivre est toute trac\u00e9e.<\/p>\n","protected":false},"excerpt":{"rendered":"Une tendance inqui\u00e9tante qui pourrait \u00eatre enray\u00e9e par un changement massif d&rsquo;habitudes. D&rsquo;apr\u00e8s un sp\u00e9cialiste britannique des cancers&hellip;\n","protected":false},"author":2,"featured_media":284969,"comment_status":"","ping_status":"","sticky":false,"template":"","format":"standard","meta":{"footnotes":""},"categories":[10],"tags":[42398,1011,27,72,473,71],"class_list":{"0":"post-284968","1":"post","2":"type-post","3":"status-publish","4":"format-standard","5":"has-post-thumbnail","7":"category-sante","8":"tag-dr-haney-youssef","9":"tag-fr","10":"tag-france","11":"tag-health","12":"tag-royaume-uni","13":"tag-sante"},"share_on_mastodon":{"url":"https:\/\/pubeurope.com\/@fr\/114943709996944123","error":""},"_links":{"self":[{"href":"https:\/\/www.europesays.com\/fr\/wp-json\/wp\/v2\/posts\/284968","targetHints":{"allow":["GET"]}}],"collection":[{"href":"https:\/\/www.europesays.com\/fr\/wp-json\/wp\/v2\/posts"}],"about":[{"href":"https:\/\/www.europesays.com\/fr\/wp-json\/wp\/v2\/types\/post"}],"author":[{"embeddable":true,"href":"https:\/\/www.europesays.com\/fr\/wp-json\/wp\/v2\/users\/2"}],"replies":[{"embeddable":true,"href":"https:\/\/www.europesays.com\/fr\/wp-json\/wp\/v2\/comments?post=284968"}],"version-history":[{"count":0,"href":"https:\/\/www.europesays.com\/fr\/wp-json\/wp\/v2\/posts\/284968\/revisions"}],"wp:featuredmedia":[{"embeddable":true,"href":"https:\/\/www.europesays.com\/fr\/wp-json\/wp\/v2\/media\/284969"}],"wp:attachment":[{"href":"https:\/\/www.europesays.com\/fr\/wp-json\/wp\/v2\/media?parent=284968"}],"wp:term":[{"taxonomy":"category","embeddable":true,"href":"https:\/\/www.europesays.com\/fr\/wp-json\/wp\/v2\/categories?post=284968"},{"taxonomy":"post_tag","embeddable":true,"href":"https:\/\/www.europesays.com\/fr\/wp-json\/wp\/v2\/tags?post=284968"}],"curies":[{"name":"wp","href":"https:\/\/api.w.org\/{rel}","templated":true}]}}