{"id":284977,"date":"2025-07-30T19:00:11","date_gmt":"2025-07-30T19:00:11","guid":{"rendered":"https:\/\/www.europesays.com\/fr\/284977\/"},"modified":"2025-07-30T19:00:11","modified_gmt":"2025-07-30T19:00:11","slug":"disparition-dun-drapeau-delegation-russe-en-suisse-et-exercices-militaires-avec-la-chine","status":"publish","type":"post","link":"https:\/\/www.europesays.com\/fr\/284977\/","title":{"rendered":"Disparition d\u2019un drapeau, d\u00e9l\u00e9gation russe en Suisse et exercices militaires avec la Chine"},"content":{"rendered":"<p>Vous avez rat\u00e9 les derniers \u00e9v\u00e9nements sur la <a href=\"https:\/\/www.20minutes.fr\/monde\/ukraine\/\" class=\"color-ultramarine c-link\" rel=\"nofollow noopener\" target=\"_blank\">guerre en Ukraine<\/a>\u00a0? 20 Minutes fait le point pour vous tous les soirs. Voici l\u2019essentiel de ce mercredi 30\u00a0juillet, 1.253e jour du conflit.<\/p>\n<p>Le fait du jour<\/p>\n<p>La mairie de Besan\u00e7on, qui avait port\u00e9 plainte <a href=\"https:\/\/www.20minutes.fr\/faits_divers\/4165970-20250730-besancon-drapeau-ukrainien-hisse-grande-place-disparait-mairie-porte-plainte\" class=\"color-ultramarine c-link\" rel=\"nofollow noopener\" target=\"_blank\">pour le \u00ab\u00a0vol\u00a0\u00bb d\u2019un drapeau de l\u2019Ukraine<\/a> sur l\u2019esplanade des Droits de l&rsquo;Homme, a fait machine arri\u00e8re mercredi, expliquant que l\u2019\u00e9tendard avait \u00e9t\u00e9 enlev\u00e9 par erreur par des agents municipaux \u00e0 la suite d\u2019une \u00ab\u00a0incompr\u00e9hension\u00a0\u00bb.<\/p>\n<p>Le drapeau bleu et jaune de l\u2019Ukraine a \u00e9t\u00e9 retir\u00e9 de cette esplanade par les services municipaux en application d\u2019une directive qui concernait en fait uniquement l\u2019H\u00f4tel de ville, a expliqu\u00e9 la municipalit\u00e9\u00a0: celui-ci devait \u00eatre pavois\u00e9 avec les seuls drapeaux fran\u00e7ais, europ\u00e9en et de la Bourgogne-Franche Comt\u00e9.<\/p>\n<p>C\u2019est cette \u00ab\u00a0incompr\u00e9hension\u00a0\u00bb qui a conduit au retrait du drapeau ukrainien de l\u2019esplanade des droits de l&rsquo;homme. En cons\u00e9quence, \u00ab\u00a0nous retirons bien s\u00fbr notre plainte\u00a0\u00bb, a \u00e9crit la ville dans une seconde communication.<\/p>\n<p>La citation du jour<\/p>\n<blockquote class=\"mx-m@xs mx-xxl@md color-ultramarine c-citation\">\n<p class=\"font-weight-regular@xs text-italic font-source-serif-pro text-l@xs c-citation__content\">\u00ab\u00a0Alors que les bombardements en Ukraine se poursuivent, nous, repr\u00e9sentants de la soci\u00e9t\u00e9 civile russe et mondiale oppos\u00e9s \u00e0 la guerre, \u00e0 la dictature et \u00e0 la r\u00e9pression, exprimons notre profonde indignation face \u00e0 la participation de la d\u00e9l\u00e9gation russe, repr\u00e9sent\u00e9e par Valentina Matvienko, Piotr Tolsto\u00ef et Leonid Sloutski, \u00e0 l&rsquo;assembl\u00e9e de l&rsquo;Union interparlementaire tenue \u00e0 Gen\u00e8ve.\u00a0\u00bb<\/p>\n<\/blockquote>\n<p>Des opposants \u00e0 <a href=\"https:\/\/www.20minutes.fr\/monde\/vladimir_poutine\/\" class=\"color-ultramarine c-link\" rel=\"nofollow noopener\" target=\"_blank\">Vladimir Poutine<\/a>, dont des dissidents de premier plan, d\u00e9noncent la venue en <a href=\"https:\/\/www.20minutes.fr\/dossier\/suisse\" class=\"color-ultramarine c-link\" rel=\"nofollow noopener\" target=\"_blank\">Suisse<\/a> d\u2019une d\u00e9l\u00e9gation politique russe de haut niveau dirig\u00e9e par des personnalit\u00e9s sous sanctions alors que se poursuit la guerre en Ukraine. Une lettre ouverte a \u00e9t\u00e9 sign\u00e9e par plus de 200 personnes ou organismes, dont des dissidents qui avaient \u00e9t\u00e9 emprisonn\u00e9s en Russie et ont \u00e9t\u00e9 \u00e9chang\u00e9s en\u00a02024, comme Vladimir Kara-Mourza, Oleg Orlov, et Ilia Iachine.<\/p>\n<p>Des d\u00e9l\u00e9gations des parlements russe et ukrainien ont particip\u00e9 mercredi \u00e0 l\u2019assembl\u00e9e de l\u2019Union interparlementaire (UIP) des Nations Unies \u00e0 Gen\u00e8ve.<\/p>\n<\/p>\n<p>La tendance du jour<\/p>\n<p>La <a href=\"https:\/\/www.20minutes.fr\/dossier\/chine\" class=\"color-ultramarine c-link\" rel=\"nofollow noopener\" target=\"_blank\">Chine<\/a> a annonc\u00e9 mercredi qu\u2019elle m\u00e8nerait <a href=\"https:\/\/www.20minutes.fr\/monde\/chine\/4165947-20250730-pacifique-chine-russie-vont-organiser-exercices-militaires-conjoints\" class=\"color-ultramarine c-link\" rel=\"nofollow noopener\" target=\"_blank\">des exercices militaires conjoints avec la Russie<\/a> en ao\u00fbt, dont des exercices navals et a\u00e9riens pr\u00e8s de Vladivostok (est) et des patrouilles navales conjointes dans le Pacifique.<\/p>\n<p>Moscou et P\u00e9kin ont renforc\u00e9 ces derni\u00e8res ann\u00e9es leur coop\u00e9ration dans tous les domaines, y compris militaire, face \u00e0 ce qu\u2019ils per\u00e7oivent comme une domination croissante des <a href=\"https:\/\/www.20minutes.fr\/monde\/etats-unis\/\" class=\"color-ultramarine c-link\" rel=\"nofollow noopener\" target=\"_blank\">Etats-Unis<\/a> sur l\u2019ordre mondial. Ces exercices, nomm\u00e9s \u00ab\u00a0Joint Sea-2025\u00a0\u00bb, font partie de la coop\u00e9ration bilat\u00e9rale et \u00ab\u00a0ne sont pas dirig\u00e9s contre des tiers\u00a0\u00bb, a d\u00e9clar\u00e9 mercredi le porte-parole du minist\u00e8re chinois de la D\u00e9fense, Zhang Xiaogang, lors d\u2019une conf\u00e9rence de presse.<\/p>\n<p>Apr\u00e8s ces exercices, les deux arm\u00e9es effectueront des patrouilles navales dans une certaine zone du Pacifique, a ajout\u00e9 le porte-parole. Les exercices \u00ab\u00a0Joint Sea-2024\u00a0\u00bb de l\u2019ann\u00e9e derni\u00e8re avaient eu lieu le long de la c\u00f4te sud de la Chine. \u00ab\u00a0Joint Sea-2025\u00a0\u00bb aura lieu juste avant une visite du dirigeant russe Vladimir Poutine en Chine \u00e0 la fin du mois d\u2019ao\u00fbt.<\/p>\n","protected":false},"excerpt":{"rendered":"Vous avez rat\u00e9 les derniers \u00e9v\u00e9nements sur la guerre en Ukraine\u00a0? 20 Minutes fait le point pour vous&hellip;\n","protected":false},"author":2,"featured_media":284978,"comment_status":"","ping_status":"","sticky":false,"template":"","format":"standard","meta":{"footnotes":""},"categories":[5],"tags":[47,11,309,1011,27,131,14,74,12,132,3067,135,28],"class_list":{"0":"post-284977","1":"post","2":"type-post","3":"status-publish","4":"format-standard","5":"has-post-thumbnail","7":"category-international","8":"tag-actualite","9":"tag-actualites","10":"tag-chine","11":"tag-fr","12":"tag-france","13":"tag-guerre-en-ukraine","14":"tag-international","15":"tag-monde","16":"tag-news","17":"tag-russie","18":"tag-suisse","19":"tag-vladimir-poutine","20":"tag-world"},"share_on_mastodon":{"url":"https:\/\/pubeurope.com\/@fr\/114943729761305420","error":""},"_links":{"self":[{"href":"https:\/\/www.europesays.com\/fr\/wp-json\/wp\/v2\/posts\/284977","targetHints":{"allow":["GET"]}}],"collection":[{"href":"https:\/\/www.europesays.com\/fr\/wp-json\/wp\/v2\/posts"}],"about":[{"href":"https:\/\/www.europesays.com\/fr\/wp-json\/wp\/v2\/types\/post"}],"author":[{"embeddable":true,"href":"https:\/\/www.europesays.com\/fr\/wp-json\/wp\/v2\/users\/2"}],"replies":[{"embeddable":true,"href":"https:\/\/www.europesays.com\/fr\/wp-json\/wp\/v2\/comments?post=284977"}],"version-history":[{"count":0,"href":"https:\/\/www.europesays.com\/fr\/wp-json\/wp\/v2\/posts\/284977\/revisions"}],"wp:featuredmedia":[{"embeddable":true,"href":"https:\/\/www.europesays.com\/fr\/wp-json\/wp\/v2\/media\/284978"}],"wp:attachment":[{"href":"https:\/\/www.europesays.com\/fr\/wp-json\/wp\/v2\/media?parent=284977"}],"wp:term":[{"taxonomy":"category","embeddable":true,"href":"https:\/\/www.europesays.com\/fr\/wp-json\/wp\/v2\/categories?post=284977"},{"taxonomy":"post_tag","embeddable":true,"href":"https:\/\/www.europesays.com\/fr\/wp-json\/wp\/v2\/tags?post=284977"}],"curies":[{"name":"wp","href":"https:\/\/api.w.org\/{rel}","templated":true}]}}