{"id":284987,"date":"2025-07-30T19:05:12","date_gmt":"2025-07-30T19:05:12","guid":{"rendered":"https:\/\/www.europesays.com\/fr\/284987\/"},"modified":"2025-07-30T19:05:12","modified_gmt":"2025-07-30T19:05:12","slug":"une-rando-et-des-vestiges-archeo-entre-ludres-et-messein","status":"publish","type":"post","link":"https:\/\/www.europesays.com\/fr\/284987\/","title":{"rendered":"une rando et des vestiges arch\u00e9o entre Ludres et Messein"},"content":{"rendered":"<p>La Cit\u00e9 d\u2019Affrique, une forteresse protohistorique, se trouve au sud-est du plateau de Haye. Au d\u00e9part du plateau des loisirs de Ludres, une randonn\u00e9e de 8\u00a0km permet de combiner activit\u00e9 physique et histoire. En chemin, un oppidum leuques, compos\u00e9 de remparts doubles en terre avec soubassements en chaux, domine la vall\u00e9e de la Moselle. <a href=\"https:\/\/www.estrepublicain.fr\/economie\/2022\/02\/22\/savez-vous-ce-qu-il-se-cache-dans-un-bois-de-messein\" target=\"_blank\" rel=\"noopener\">Cet ancien lieu de vie celtique<\/a> fortifi\u00e9 qui abritait des activit\u00e9s artisanales autour du travail du fer, du bois, des \u00e9toffes et de la c\u00e9ramique se conquiert sans difficult\u00e9, \u00e0 une exception pr\u00e8s\u00a0: il n\u2019y a pas d\u2019eau sur le parcours. La promenade est n\u00e9anmoins appr\u00e9ciable quand il fait chaud puisqu\u2019une grosse partie est \u00e0 l\u2019ombre. Pour \u00e9viter de vous perdre et puisque cette randonn\u00e9e n\u2019est pas balis\u00e9e d\u2019un bout \u00e0 l\u2019autre, nous vous conseillons de consulter la carte IGN de la randonn\u00e9e pour pr\u00e9parer votre escapade.<\/p>\n","protected":false},"excerpt":{"rendered":"La Cit\u00e9 d\u2019Affrique, une forteresse protohistorique, se trouve au sud-est du plateau de Haye. Au d\u00e9part du plateau&hellip;\n","protected":false},"author":2,"featured_media":284988,"comment_status":"","ping_status":"","sticky":false,"template":"","format":"standard","meta":{"footnotes":""},"categories":[9635],"tags":[1111,11,7782,1687,1704,1777,674,1011,27,775,31022,11413,20065,9649,1702,12,2661,3456,25,133],"class_list":{"0":"post-284987","1":"post","2":"type-post","3":"status-publish","4":"format-standard","5":"has-post-thumbnail","7":"category-nancy","8":"tag-actu","9":"tag-actualites","10":"tag-balades-et-randonnees","11":"tag-culture-loisirs","12":"tag-edition-nancy-et-agglomeration","13":"tag-eu","14":"tag-europe","15":"tag-fr","16":"tag-france","17":"tag-grand-est","18":"tag-le-guide-de-lete-lorraine","19":"tag-ludres","20":"tag-magazine-tourisme-et-patrimoine","21":"tag-metropole-du-grand-nancy-54b2","22":"tag-nancy","23":"tag-news","24":"tag-patrimoine-culturel","25":"tag-region-lorraine","26":"tag-republique-francaise","27":"tag-video"},"share_on_mastodon":{"url":"https:\/\/pubeurope.com\/@fr\/114943749401342075","error":""},"_links":{"self":[{"href":"https:\/\/www.europesays.com\/fr\/wp-json\/wp\/v2\/posts\/284987","targetHints":{"allow":["GET"]}}],"collection":[{"href":"https:\/\/www.europesays.com\/fr\/wp-json\/wp\/v2\/posts"}],"about":[{"href":"https:\/\/www.europesays.com\/fr\/wp-json\/wp\/v2\/types\/post"}],"author":[{"embeddable":true,"href":"https:\/\/www.europesays.com\/fr\/wp-json\/wp\/v2\/users\/2"}],"replies":[{"embeddable":true,"href":"https:\/\/www.europesays.com\/fr\/wp-json\/wp\/v2\/comments?post=284987"}],"version-history":[{"count":0,"href":"https:\/\/www.europesays.com\/fr\/wp-json\/wp\/v2\/posts\/284987\/revisions"}],"wp:featuredmedia":[{"embeddable":true,"href":"https:\/\/www.europesays.com\/fr\/wp-json\/wp\/v2\/media\/284988"}],"wp:attachment":[{"href":"https:\/\/www.europesays.com\/fr\/wp-json\/wp\/v2\/media?parent=284987"}],"wp:term":[{"taxonomy":"category","embeddable":true,"href":"https:\/\/www.europesays.com\/fr\/wp-json\/wp\/v2\/categories?post=284987"},{"taxonomy":"post_tag","embeddable":true,"href":"https:\/\/www.europesays.com\/fr\/wp-json\/wp\/v2\/tags?post=284987"}],"curies":[{"name":"wp","href":"https:\/\/api.w.org\/{rel}","templated":true}]}}