{"id":284993,"date":"2025-07-30T19:08:20","date_gmt":"2025-07-30T19:08:20","guid":{"rendered":"https:\/\/www.europesays.com\/fr\/284993\/"},"modified":"2025-07-30T19:08:20","modified_gmt":"2025-07-30T19:08:20","slug":"la-nouvelle-recrue-mathis-ferte-latout-polyvalence-du-rct","status":"publish","type":"post","link":"https:\/\/www.europesays.com\/fr\/284993\/","title":{"rendered":"La nouvelle recrue Mathis Fert\u00e9, l\u2019atout polyvalence du RCT"},"content":{"rendered":"<p>C\u2019est un profil comme il en existe peu en Top 14. Mathis Fert\u00e9, 21 printemps \u00e0 peine, arrive sur la rade avec une r\u00e9putation de couteau suisse d\u00e9j\u00e0 bien aiguis\u00e9 par ses trois saisons pleines du c\u00f4t\u00e9 de Brive.<\/p>\n<p>Malgr\u00e9 son jeune \u00e2ge, il cumule plus de 70 matches de Top 14 et de Pro D2, et a su, au fil des mois, prouver qu\u2019il pouvait performer \u00e0 presque tous les postes de la ligne arri\u00e8re. Capable d\u2019\u00e9voluer aussi bien en 15 qu\u2019\u00e0 l\u2019aile ou \u00e0 la m\u00eal\u00e9e (il a m\u00eame d\u00e9pann\u00e9 \u00e0 deux reprises au centre), ce joueur de poche poli en Corr\u00e8ze offrira au staff du RCT de nombreuses possibilit\u00e9s, dans le XV ou en sortie de banc.<\/p>\n<p>M\u00eame s\u2019il devrait d\u2019abord \u00eatre davantage positionn\u00e9 \u00e0 l\u2019aile, c\u2019est donc \u00ab\u00a0de l\u2019or\u00a0\u00bb pour Pierre Mignoni et ses adjoints: \u00ab\u00a0C\u2019est pr\u00e9cieux d\u2019avoir un joueur comme \u00e7a, estime le directeur du rugby des Rouge et Noir. On l\u2019a beaucoup suivi depuis des ann\u00e9es et on est tr\u00e8s, tr\u00e8s heureux d\u2019avoir pu le faire venir.\u00a0\u00bb<\/p>\n<p>Couteau suisse, mais pas que\u2026<\/p>\n<p>Le Lotois de naissance, qui \u00e9tait courtis\u00e9 par d\u2019autres grosses \u00e9curies de l\u2019\u00e9lite, n\u2019a certes pas le gabarit le plus impressionnant (1,72m seulement), mais a d\u00e9j\u00e0 pu faire admirer certaines de ses qualit\u00e9s lors des premiers entra\u00eenements estivaux. \u00ab\u00a0Il va nous amener cette polyvalence, mais pas que. C\u2019est un joueur qui a \u00e9norm\u00e9ment de qualit\u00e9s offensives et d\u00e9fensives. C\u2019est un vrai bon joueur de rugby.\u00a0\u00bb<\/p>\n<p>\u00c0 lui de le d\u00e9montrer au peuple de Besagne, qu\u2019il retrouve donc presque trois ans apr\u00e8s ses grands d\u00e9buts chez les professionnels. C\u2019\u00e9tait \u00e0 Mayol, un jour d\u2019octobre 2022. Un signe du destin ? D\u00e9sormais, les Varois souhaiteront en tout cas que le couteau tranche.<\/p>\n","protected":false},"excerpt":{"rendered":"C\u2019est un profil comme il en existe peu en Top 14. Mathis Fert\u00e9, 21 printemps \u00e0 peine, arrive&hellip;\n","protected":false},"author":2,"featured_media":284994,"comment_status":"","ping_status":"","sticky":false,"template":"","format":"standard","meta":{"footnotes":""},"categories":[9619],"tags":[1111,11,1777,674,1011,27,12,882,25,479,60,2310],"class_list":{"0":"post-284993","1":"post","2":"type-post","3":"status-publish","4":"format-standard","5":"has-post-thumbnail","7":"category-toulon","8":"tag-actu","9":"tag-actualites","10":"tag-eu","11":"tag-europe","12":"tag-fr","13":"tag-france","14":"tag-news","15":"tag-provence-alpes-cote-dazur","16":"tag-republique-francaise","17":"tag-rugby","18":"tag-sports","19":"tag-toulon"},"share_on_mastodon":{"url":"https:\/\/pubeurope.com\/@fr\/114943761240484738","error":""},"_links":{"self":[{"href":"https:\/\/www.europesays.com\/fr\/wp-json\/wp\/v2\/posts\/284993","targetHints":{"allow":["GET"]}}],"collection":[{"href":"https:\/\/www.europesays.com\/fr\/wp-json\/wp\/v2\/posts"}],"about":[{"href":"https:\/\/www.europesays.com\/fr\/wp-json\/wp\/v2\/types\/post"}],"author":[{"embeddable":true,"href":"https:\/\/www.europesays.com\/fr\/wp-json\/wp\/v2\/users\/2"}],"replies":[{"embeddable":true,"href":"https:\/\/www.europesays.com\/fr\/wp-json\/wp\/v2\/comments?post=284993"}],"version-history":[{"count":0,"href":"https:\/\/www.europesays.com\/fr\/wp-json\/wp\/v2\/posts\/284993\/revisions"}],"wp:featuredmedia":[{"embeddable":true,"href":"https:\/\/www.europesays.com\/fr\/wp-json\/wp\/v2\/media\/284994"}],"wp:attachment":[{"href":"https:\/\/www.europesays.com\/fr\/wp-json\/wp\/v2\/media?parent=284993"}],"wp:term":[{"taxonomy":"category","embeddable":true,"href":"https:\/\/www.europesays.com\/fr\/wp-json\/wp\/v2\/categories?post=284993"},{"taxonomy":"post_tag","embeddable":true,"href":"https:\/\/www.europesays.com\/fr\/wp-json\/wp\/v2\/tags?post=284993"}],"curies":[{"name":"wp","href":"https:\/\/api.w.org\/{rel}","templated":true}]}}