{"id":284995,"date":"2025-07-30T19:09:14","date_gmt":"2025-07-30T19:09:14","guid":{"rendered":"https:\/\/www.europesays.com\/fr\/284995\/"},"modified":"2025-07-30T19:09:14","modified_gmt":"2025-07-30T19:09:14","slug":"une-enorme-thonade-au-feu-de-bois-vous-attend-a-villeneuve-les-maguelone","status":"publish","type":"post","link":"https:\/\/www.europesays.com\/fr\/284995\/","title":{"rendered":"une \u00e9norme thonade au feu de bois vous attend \u00e0 Villeneuve-l\u00e8s-Maguelone"},"content":{"rendered":"<p>            Par<br \/>\n        <strong><br \/>\n            <a href=\"https:\/\/actu.fr\/auteur\/metropoop\" title=\"Consulter tous les articles de R\u00e9daction M\u00e9tropolitain\" target=\"_blank\" rel=\"noopener\">R\u00e9daction M\u00e9tropolitain<\/a><br \/>\n        <\/strong><\/p>\n<p>        Publi\u00e9 le<\/p>\n<p>            30 juil. 2025 \u00e0 20h44        <\/p>\n<p><strong> Ce samedi 2 ao\u00fbt 2025<\/strong> \u00e0 partir de 19h30, <strong>la Guinguette de Roger &amp; Fifi<\/strong>, situ\u00e9e \u00e0 <strong>Villeneuve-l\u00e8s-Maguelone,<\/strong> se transforme en temple de la convivialit\u00e9. Au menu : <strong>une thonade<\/strong> en bonne et due forme. Le poisson sera grill\u00e9 en entier, directement au feu de bois. Pour accompagner ce plat principal, l\u2019\u00e9quipe a pr\u00e9vu un choix d\u2019accompagnements maison et des tapas d\u2019\u00e9t\u00e9, \u00e0 partager sur des grandes tabl\u00e9es en bois, dans un d\u00e9cor chaleureux.\u00a0<\/p>\n<p>    <a href=\"https:\/\/www.google.com\/maps\/embed?pb=!1m18!1m12!1m3!1d2892.198135632428!2d3.8962976764566237!3d43.53991157110781!2m3!1f0!2f0!3f0!3m2!1i1024!2i768!4f13.1!3m3!1m2!1s0x12b6b1b98b7db6a7:0xf70b76308ec8a2aa!2sLa%20Guinguette%20de%20Roger%20et%20Fifi,%20Montpellier!5e0!3m2!1sen!2sfr!4v1753706735167!5m2!1sen!2sfr\" title=\"Ouvrie le lien\" target=\"_blank\" rel=\"noopener\">Cliquez ici pour visualiser le contenu<\/a><\/p>\n<p class=\" wall-content\">La Guinguette ne se r\u00e9sume pas \u00e0 son assiette. Les invit\u00e9s pourront profiter d\u2019une vue imprenable sur les \u00e9tangs, avec le coucher de soleil en toile de fond. Les boissons fra\u00eeches couleront \u00e0 flot : le bar proposera des vins, des cocktails maison et de quoi se rafra\u00eechir tout au long de la soir\u00e9e.<\/p>\n<p>DJ Gaetan aux platines<\/p>\n<p class=\" wall-content\">Pour faire monter la temp\u00e9rature apr\u00e8s le repas, DJ Gaetan assurera l\u2019ambiance musicale. Son set naviguera entre musiques festives, rythmes dansants et tubes d\u2019\u00e9t\u00e9. L\u2019objectif est clair : transformer la soir\u00e9e en un moment de f\u00eate.\u00a0<\/p>\n<p><strong>&gt;<\/strong> Les places sont compt\u00e9es. La r\u00e9servation est fortement conseill\u00e9e, soit <a href=\"https:\/\/www.facebook.com\/laguinguette.montpellier\" target=\"_blank\" rel=\"noopener\">par message priv\u00e9<\/a>, par mail (<a href=\"http:\/\/actu.fr\/cdn-cgi\/l\/email-protection#4d012c2a3824232a382839392829283f222a283f28392b242b240d2a202c2421632e2220\" target=\"_blank\" rel=\"noopener\">[email\u00a0protected]<\/a>), soit directement au <strong>07 67 71 80 92<\/strong>Vid\u00e9os : en ce moment sur Actu<\/p>\n<p class=\" wall-content\">Suivez toute l\u2019actualit\u00e9 de vos villes et m\u00e9dias favoris en vous inscrivant \u00e0 <a href=\"https:\/\/moncompte.actu.fr\" title=\"D\u00e9couvez Mon Actu\" rel=\"nofollow noopener\" data-trk=\"{&quot;cta&quot;:{&quot;action&quot;:&quot;https:\\\/\\\/moncompte.actu.fr&quot;,&quot;category&quot;:&quot;mon compte&quot;,&quot;from&quot;:&quot;article footer&quot;,&quot;name&quot;:&quot;Mon actu&quot;,&quot;type&quot;:&quot;cta&quot;}}\" target=\"_blank\">Mon Actu<\/a>.<\/p>\n","protected":false},"excerpt":{"rendered":"Par R\u00e9daction M\u00e9tropolitain Publi\u00e9 le 30 juil. 2025 \u00e0 20h44 Ce samedi 2 ao\u00fbt 2025 \u00e0 partir de&hellip;\n","protected":false},"author":2,"featured_media":284996,"comment_status":"","ping_status":"","sticky":false,"template":"","format":"standard","meta":{"footnotes":""},"categories":[9599],"tags":[1111,11,258,1777,674,652,1011,27,1652,2208,873,12,2680,25],"class_list":{"0":"post-284995","1":"post","2":"type-post","3":"status-publish","4":"format-standard","5":"has-post-thumbnail","7":"category-montpellier","8":"tag-actu","9":"tag-actualites","10":"tag-alimentation","11":"tag-eu","12":"tag-europe","13":"tag-famille","14":"tag-fr","15":"tag-france","16":"tag-loisirs-culture","17":"tag-montpellier","18":"tag-musique","19":"tag-news","20":"tag-occitanie","21":"tag-republique-francaise"},"share_on_mastodon":{"url":"https:\/\/pubeurope.com\/@fr\/114943765083123144","error":""},"_links":{"self":[{"href":"https:\/\/www.europesays.com\/fr\/wp-json\/wp\/v2\/posts\/284995","targetHints":{"allow":["GET"]}}],"collection":[{"href":"https:\/\/www.europesays.com\/fr\/wp-json\/wp\/v2\/posts"}],"about":[{"href":"https:\/\/www.europesays.com\/fr\/wp-json\/wp\/v2\/types\/post"}],"author":[{"embeddable":true,"href":"https:\/\/www.europesays.com\/fr\/wp-json\/wp\/v2\/users\/2"}],"replies":[{"embeddable":true,"href":"https:\/\/www.europesays.com\/fr\/wp-json\/wp\/v2\/comments?post=284995"}],"version-history":[{"count":0,"href":"https:\/\/www.europesays.com\/fr\/wp-json\/wp\/v2\/posts\/284995\/revisions"}],"wp:featuredmedia":[{"embeddable":true,"href":"https:\/\/www.europesays.com\/fr\/wp-json\/wp\/v2\/media\/284996"}],"wp:attachment":[{"href":"https:\/\/www.europesays.com\/fr\/wp-json\/wp\/v2\/media?parent=284995"}],"wp:term":[{"taxonomy":"category","embeddable":true,"href":"https:\/\/www.europesays.com\/fr\/wp-json\/wp\/v2\/categories?post=284995"},{"taxonomy":"post_tag","embeddable":true,"href":"https:\/\/www.europesays.com\/fr\/wp-json\/wp\/v2\/tags?post=284995"}],"curies":[{"name":"wp","href":"https:\/\/api.w.org\/{rel}","templated":true}]}}