{"id":285003,"date":"2025-07-30T19:17:28","date_gmt":"2025-07-30T19:17:28","guid":{"rendered":"https:\/\/www.europesays.com\/fr\/285003\/"},"modified":"2025-07-30T19:17:28","modified_gmt":"2025-07-30T19:17:28","slug":"video-24-heures-pour-trouver-un-job-dete-je-releve-le-defi","status":"publish","type":"post","link":"https:\/\/www.europesays.com\/fr\/285003\/","title":{"rendered":"VID\u00c9O. 24\u00a0heures pour trouver un job d\u2019\u00e9t\u00e9\u00a0? Je rel\u00e8ve le d\u00e9fi"},"content":{"rendered":"<p>Job d\u2019\u00e9t\u00e9 rime souvent avec vie \u00e9tudiante. Selon une \u00e9tude de l\u2019Insee publi\u00e9e en 2024, 5,3\u00a0% des \u00e9tudiants occupent un emploi \u00e0 temps partiel en dehors du cadre de leurs formations. Et quatre fois sur dix, ils sont serveurs, caissiers, ou vendeurs. Ce 17\u00a0juillet, mon objectif \u00e9tait simple\u00a0: chercher un job \u00e9tudiant. Alors, le temps d\u2019une journ\u00e9e, je fais un petit retour un an en arri\u00e8re\u00a0: j\u2019ai de nouveau 23\u00a0ans, je redeviens \u00e9tudiante en journalisme et je compte postuler un peu partout pour travailler en juillet et en ao\u00fbt. La contrainte\u00a0? Je n\u2019ai que 24\u00a0heures pour trouver et le mois de juillet est d\u00e9j\u00e0 bien engag\u00e9. D\u00e9couvrez mon reportage en vid\u00e9o ci-dessous.<\/p>\n<p>Vos conseils<\/p>\n<p>Il est 9\u00a0h et je d\u00e9cide de partir en centre-ville demander conseil aux passants. Mon objectif\u00a0: \u00eatre la plus rapide possible, en postulant directement dans les endroits que l\u2019on pourrait me recommander. Les r\u00e9ponses sont assez unanimes\u00a0:<strong> \u00ab\u00a0postule directement dans la restauration\u00a0!\u00a0\u00bb<\/strong> Selon un restaurateur interrog\u00e9, <strong>\u00ab\u00a0dans la restauration, ils recherchent toujours. Tu as toutes tes chances.\u00a0\u00bb<\/strong> Une jeune femme me conseille \u00e9galement d\u2019avoir un dossier d\u00e9j\u00e0 pr\u00eat sur moi, une bonne fa\u00e7on l\u00e0 aussi de gagner du temps.<\/p>\n<p><strong>Lire aussi<\/strong>\u00a0: <a href=\"https:\/\/rennes.maville.com\/actu\/actudet_-qu-est-ce-qu-un-contrat-de-travail-temporaire-ou-mission-dite-d-interim-_54135-6909592_actu.Htm\" target=\"_self\" rel=\"noopener\">Qu\u2019est-ce qu\u2019un contrat de travail temporaire ou mission dite d\u2019int\u00e9rim\u00a0?<\/a><\/p>\n<p>Refaire mon CV<\/p>\n<p>L\u2019urgence, c\u2019est donc de refaire mon CV. Je contacte Cl\u00e9mence Barsi, qui travaille dans les ressources humaines. Elle me donne de pr\u00e9cieux conseils pour rendre mon CV le plus efficace possible. <strong>\u00ab\u00a0\u00c9videmment, ton nom, ton pr\u00e9nom, ton num\u00e9ro de t\u00e9l\u00e9phone et ton adresse mail doivent figurer sur ton CV.\u00a0\u00bb<\/strong>. Je pense \u00e0 ajouter \u00e9galement mes dipl\u00f4mes, et les formations suivies. <strong>\u00ab\u00a0Ce qui est important dans un CV, aussi, c\u2019est de le titrer. Il faut se dire que les recruteurs passent tr\u00e8s peu de temps sur un CV, \u00e7a peut durer dix secondes. Plus \u00e7a va \u00eatre lisible, plus l\u2019information va arriver rapidement.\u00a0\u00bb<\/strong>.<\/p>\n<p>Et les erreurs \u00e0 ne pas faire sur un CV\u00a0? <strong>\u00ab\u00a0Indiquer sa situation familiale sur son CV, \u00e7a n\u2019a aucun int\u00e9r\u00eat. Pas besoin de mettre son \u00e2ge non plus, \u00e7a peut \u00eatre un crit\u00e8re de discrimination lors du recrutement. Et mieux vaut \u00e9viter les adresses mail farfelues\u00a0\u00bb<\/strong>, me d\u00e9taille Cl\u00e9mence Barsi. Aid\u00e9e par ces conseils, je finalise mon CV. Direction le centre-ville de Rennes pour le distribuer dans les restaurants, bars et boutiques.<\/p>\n<p><strong>Lire aussi<\/strong>\u00a0: <a href=\"https:\/\/labaule.maville.com\/actu\/actudet_--c-est-le-meilleur-job-d-ete-cette-patrouille-snsm-veille-sur-la-baie-du-pouliguen-_52722-6899799_actu.Htm\" target=\"_self\" rel=\"noopener\">\u00ab\u00a0C\u2019est le meilleur job d\u2019\u00e9t\u00e9\u00a0!\u00a0\u00bb\u00a0: cette patrouille SNSM veille sur la baie du Pouliguen<\/a><\/p>\n<p>Distribution des CV<\/p>\n<p>Je commence \u00e0 distribuer mon CV, sans grand succ\u00e8s. L\u2019explication est souvent simple\u00a0: je m\u2019y prends tr\u00e8s tard. Le premier restaurateur m\u2019indique\u00a0:<strong> \u00ab\u00a0je n\u2019aurai pas le temps de te former, et mes coll\u00e8gues non plus. Si tu n\u2019as pas d\u2019exp\u00e9rience en restauration, je te conseille de candidater pour un job moins qualifi\u00e9, \u00e0 la plonge par exemple.\u00a0\u00bb<\/strong>. Je ne perds pas espoir. Heureusement\u00a0: la serveuse du bar suivant prend mon CV avec plaisir, en m\u2019expliquant qu\u2019ils vont avoir un d\u00e9part dans leur \u00e9quipe et qu\u2019ils pourraient \u00eatre int\u00e9ress\u00e9s. Elle le transmettra \u00e0 son patron d\u00e8s qu\u2019il arrivera. Je d\u00e9cide de tenter ma chance dans des boutiques de v\u00eatements aussi, m\u00eame si je n\u2019ai aucune exp\u00e9rience. J\u2019ai bien fait\u00a0: une vendeuse m\u2019indique qu\u2019ils cherchent du monde, et renseigne mes disponibilit\u00e9s. Elle me rassure\u00a0: <strong>\u00ab\u00a0Nous, que tu n\u2019aies pas d\u2019exp\u00e9rience, on s\u2019en fiche, \u00e0 partir du moment o\u00f9 tu es motiv\u00e9e\u00a0!\u00a0\u00bb<\/strong><\/p>\n<p>\t<img decoding=\"async\" src=\"https:\/\/www.europesays.com\/fr\/wp-content\/uploads\/2025\/07\/P35382337D6918927G_px_640_.jpg\" alt=\"photo je distribue le plus de cv possibles dans les bars et restaurants du centre-ville.  \u00a9  ouest-france\" width=\"640\" title=\" Je distribue le plus de CV possibles dans les bars et restaurants du centre-ville.   Ouest-France \"\/><\/p>\n<p class=\"elmt-legende\"> Je distribue le plus de CV possibles dans les bars et restaurants du centre-ville.   Ouest-France <\/p>\n<p>Bilan de ma recherche en fin de journ\u00e9e\u00a0: j\u2019ai d\u00e9croch\u00e9 un entretien et deux bars seraient potentiellement int\u00e9ress\u00e9s. J\u2019ai \u00e9galement essuy\u00e9 cinq refus. Pour suivre cette journ\u00e9e de recherche en vid\u00e9o, n\u2019h\u00e9sitez pas \u00e0 vous rendre <a href=\"https:\/\/www.youtube.com\/@Koloklachaine\" target=\"_self\" rel=\"noopener\">sur notre cha\u00eene YouTube Kolok<\/a>\u00a0!<\/p>\n<p>\u00a0<\/p>\n","protected":false},"excerpt":{"rendered":"Job d\u2019\u00e9t\u00e9 rime souvent avec vie \u00e9tudiante. Selon une \u00e9tude de l\u2019Insee publi\u00e9e en 2024, 5,3\u00a0% des \u00e9tudiants&hellip;\n","protected":false},"author":2,"featured_media":285004,"comment_status":"","ping_status":"","sticky":false,"template":"","format":"standard","meta":{"footnotes":""},"categories":[2821],"tags":[2466,1111,11,829,3750,2883,1777,674,1011,27,6203,1231,12,14558,584,25,13586,133],"class_list":{"0":"post-285003","1":"post","2":"type-post","3":"status-publish","4":"format-standard","5":"has-post-thumbnail","7":"category-rennes","8":"tag-2466","9":"tag-actu","10":"tag-actualites","11":"tag-bretagne","12":"tag-defi","13":"tag-ete","14":"tag-eu","15":"tag-europe","16":"tag-fr","17":"tag-france","18":"tag-heures","19":"tag-job","20":"tag-news","21":"tag-releve","22":"tag-rennes","23":"tag-republique-francaise","24":"tag-trouver","25":"tag-video"},"share_on_mastodon":{"url":"https:\/\/pubeurope.com\/@fr\/114943796534104423","error":""},"_links":{"self":[{"href":"https:\/\/www.europesays.com\/fr\/wp-json\/wp\/v2\/posts\/285003","targetHints":{"allow":["GET"]}}],"collection":[{"href":"https:\/\/www.europesays.com\/fr\/wp-json\/wp\/v2\/posts"}],"about":[{"href":"https:\/\/www.europesays.com\/fr\/wp-json\/wp\/v2\/types\/post"}],"author":[{"embeddable":true,"href":"https:\/\/www.europesays.com\/fr\/wp-json\/wp\/v2\/users\/2"}],"replies":[{"embeddable":true,"href":"https:\/\/www.europesays.com\/fr\/wp-json\/wp\/v2\/comments?post=285003"}],"version-history":[{"count":0,"href":"https:\/\/www.europesays.com\/fr\/wp-json\/wp\/v2\/posts\/285003\/revisions"}],"wp:featuredmedia":[{"embeddable":true,"href":"https:\/\/www.europesays.com\/fr\/wp-json\/wp\/v2\/media\/285004"}],"wp:attachment":[{"href":"https:\/\/www.europesays.com\/fr\/wp-json\/wp\/v2\/media?parent=285003"}],"wp:term":[{"taxonomy":"category","embeddable":true,"href":"https:\/\/www.europesays.com\/fr\/wp-json\/wp\/v2\/categories?post=285003"},{"taxonomy":"post_tag","embeddable":true,"href":"https:\/\/www.europesays.com\/fr\/wp-json\/wp\/v2\/tags?post=285003"}],"curies":[{"name":"wp","href":"https:\/\/api.w.org\/{rel}","templated":true}]}}