{"id":285020,"date":"2025-07-30T19:26:17","date_gmt":"2025-07-30T19:26:17","guid":{"rendered":"https:\/\/www.europesays.com\/fr\/285020\/"},"modified":"2025-07-30T19:26:17","modified_gmt":"2025-07-30T19:26:17","slug":"au-capc-de-bordeaux-hommage-aux-inventions-et-rebellions-du-quotidien","status":"publish","type":"post","link":"https:\/\/www.europesays.com\/fr\/285020\/","title":{"rendered":"Au CAPC de Bordeaux, hommage aux inventions et r\u00e9bellions du quotidien"},"content":{"rendered":"<p class=\"editor-content__paragraph\">Tout est parti d\u2019une question existentielle, nous glisse Sandra Patron \u00e0 l\u2019entr\u00e9e de l\u2019exposition\u00a0:<strong> \u00ab\u00a0Comment vivre dans le monde\u00a0?\u00a0\u00bb<\/strong>. Oui, comment respirer au milieu des injustices, des crises \u00e9conomiques et \u00e9cologiques, des guerres, des habitats d\u00e9grad\u00e9s, du surtourisme (la liste est longue)\u00a0? Pour y r\u00e9pondre, et pour ne pas sombrer dans la m\u00e9lancolie, <strong>la directrice du CAPC<\/strong> a choisi de relire un essai fondamental de Michel de Certeau (1925\u20131986), <strong>L\u2019Invention du quotidien<\/strong> (1980).<\/p>\n<p class=\"editor-content__paragraph editor-content__paragraph--is-hidden\">Dans ce texte en deux volumes, le pr\u00eatre et philosophe met en lumi\u00e8re <strong>la r\u00e9sistance des hommes \u00e0 la \u00ab\u00a0Raison technicienne\u00a0\u00bb<\/strong>, qui veut faire d\u2019eux de simples \u00ab\u00a0consommateurs\u00a0\u00bb et \u00ab\u00a0usagers\u00a0\u00bb\u00a0: \u00ab\u00a0Mais l\u2019homme ordinaire se soustrait en silence \u00e0 cette conformation. Il invente le quotidien gr\u00e2ce aux arts de faire, ruses subtiles, tactiques de r\u00e9sistance par lesquelles il<strong> d\u00e9tourne les objets et les codes<\/strong>, se r\u00e9approprie l\u2019espace et l\u2019usage \u00e0 sa fa\u00e7on.\u00a0\u00bb Cette attention aux inventions, <strong>\u00e0 la cr\u00e9ativit\u00e9 d\u00e9ploy\u00e9e quotidiennement<\/strong> par des anonymes qui luttent contre toute passivit\u00e9, c\u2019est pr\u00e9cis\u00e9ment ce qui r\u00e9unit <strong>les 30\u00a0artistes de l\u2019exposition<\/strong>.<\/p>\n<p>            <strong>Continuez votre lecture<\/strong><\/p>\n<p>\n                et acc\u00e9dez \u00e0 Beaux Arts Magazine<br \/>et \u00e0 tous les contenus web<br \/><strong>en illimit\u00e9 \u00e0 partir de 5,75\u20ac \/ mois<\/strong>\n            <\/p>\n<p class=\"cta-abonnement__log-in\">\n        D\u00e9j\u00e0 abonn\u00e9 ?        <a data-id=\"aHR0cHM6Ly93d3cuYmVhdXhhcnRzLmNvbS9tb24tY29tcHRlLw==\">Connectez-vous<\/a>\n    <\/p>\n<p>            <img data-vllblanksrc=\"https:\/\/www.beauxarts.com\/expos\/au-capc-de-bordeaux-un-formidable-hommage-aux-inventions-et-rebellions-du-quotidien\/1\" data-vllsrc=\"https:\/\/www.europesays.com\/fr\/wp-content\/uploads\/2025\/06\/couv-bam-493-494-232x300.png\" alt=\"\"\/><img data-vllblanksrc=\"https:\/\/www.beauxarts.com\/expos\/au-capc-de-bordeaux-un-formidable-hommage-aux-inventions-et-rebellions-du-quotidien\/1\" data-vllsrc=\"https:\/\/www.europesays.com\/fr\/wp-content\/uploads\/2025\/05\/couv-bam-492-232x300.png\" alt=\"\"\/>        <\/p>\n","protected":false},"excerpt":{"rendered":"Tout est parti d\u2019une question existentielle, nous glisse Sandra Patron \u00e0 l\u2019entr\u00e9e de l\u2019exposition\u00a0: \u00ab\u00a0Comment vivre dans le&hellip;\n","protected":false},"author":2,"featured_media":285021,"comment_status":"","ping_status":"","sticky":false,"template":"","format":"standard","meta":{"footnotes":""},"categories":[2817],"tags":[1111,11,1396,1997,36747,1777,674,1011,27,12,2219,25],"class_list":{"0":"post-285020","1":"post","2":"type-post","3":"status-publish","4":"format-standard","5":"has-post-thumbnail","7":"category-bordeaux","8":"tag-actu","9":"tag-actualites","10":"tag-art-contemporain","11":"tag-bordeaux","12":"tag-capc","13":"tag-eu","14":"tag-europe","15":"tag-fr","16":"tag-france","17":"tag-news","18":"tag-nouvelle-aquitaine","19":"tag-republique-francaise"},"share_on_mastodon":{"url":"https:\/\/pubeurope.com\/@fr\/114943831848852924","error":""},"_links":{"self":[{"href":"https:\/\/www.europesays.com\/fr\/wp-json\/wp\/v2\/posts\/285020","targetHints":{"allow":["GET"]}}],"collection":[{"href":"https:\/\/www.europesays.com\/fr\/wp-json\/wp\/v2\/posts"}],"about":[{"href":"https:\/\/www.europesays.com\/fr\/wp-json\/wp\/v2\/types\/post"}],"author":[{"embeddable":true,"href":"https:\/\/www.europesays.com\/fr\/wp-json\/wp\/v2\/users\/2"}],"replies":[{"embeddable":true,"href":"https:\/\/www.europesays.com\/fr\/wp-json\/wp\/v2\/comments?post=285020"}],"version-history":[{"count":0,"href":"https:\/\/www.europesays.com\/fr\/wp-json\/wp\/v2\/posts\/285020\/revisions"}],"wp:featuredmedia":[{"embeddable":true,"href":"https:\/\/www.europesays.com\/fr\/wp-json\/wp\/v2\/media\/285021"}],"wp:attachment":[{"href":"https:\/\/www.europesays.com\/fr\/wp-json\/wp\/v2\/media?parent=285020"}],"wp:term":[{"taxonomy":"category","embeddable":true,"href":"https:\/\/www.europesays.com\/fr\/wp-json\/wp\/v2\/categories?post=285020"},{"taxonomy":"post_tag","embeddable":true,"href":"https:\/\/www.europesays.com\/fr\/wp-json\/wp\/v2\/tags?post=285020"}],"curies":[{"name":"wp","href":"https:\/\/api.w.org\/{rel}","templated":true}]}}