{"id":285026,"date":"2025-07-30T19:29:21","date_gmt":"2025-07-30T19:29:21","guid":{"rendered":"https:\/\/www.europesays.com\/fr\/285026\/"},"modified":"2025-07-30T19:29:21","modified_gmt":"2025-07-30T19:29:21","slug":"lille3000-fiesta-exposition-fuego-y-veneno-de-pilar-albarracin-a-la-maison-folie-moulins-jusquau-09-novembre-2025","status":"publish","type":"post","link":"https:\/\/www.europesays.com\/fr\/285026\/","title":{"rendered":"[lille3000 &#8211; Fiesta] Exposition \u00ab\u00a0Fuego y Veneno\u00a0\u00bb de Pilar Albarrac\u00edn \u00e0 la Maison Folie Moulins jusqu&rsquo;au 09 novembre 2025"},"content":{"rendered":"<p style=\"text-align: justify;\"><strong>Jusqu\u2019au dimanche 09 novembre 2025,<\/strong> <strong>la Maison Folie Moulins <\/strong>propose <strong>l\u2019exposition<\/strong> <strong>\u00ab\u00a0Fuego y Veneno\u00a0\u00bb de Pilar Albarrac\u00edn.<\/strong><\/p>\n<p style=\"text-align: justify;\">Expo \u00ab\u00a0Fuego y Veneno\u00a0\u00bb de Pilar Albarrac\u00edn\u00a0<br \/><strong>Pilar Albarrac\u00edn<\/strong> (S\u00e9ville) est l\u2019<strong>une des artistes espagnoles les plus \u00e9tablies de sa g\u00e9n\u00e9ration, reconnue <\/strong>dans le <strong>paysage artistique international.<\/strong><\/p>\n<p style=\"text-align: justify;\">Dans son <strong>travail pluridisciplinaire<\/strong> (vid\u00e9o, performance, installation, photographie, artisanat), elle allie <strong>engagement social \u00e0 esth\u00e9tique formelle. <\/strong>La <strong>d\u00e9nonciation des in\u00e9galit\u00e9s, <\/strong>des <strong>pr\u00e9jug\u00e9s cohabite avec l\u2019humour <\/strong>et<strong> la couleur. <\/strong>Elle offre au public <strong>une vision polychromatique<\/strong> de la <strong>culture espagnole.<\/strong> Ainsi, <strong>Pilar Albarrac\u00edn<\/strong> s\u2019engage pour la<strong> pr\u00e9servation des traditions, <\/strong>tout en<strong> promouvant leur bonne compr\u00e9hension. <\/strong>Elle souligne notamment la <strong>n\u00e9cessit\u00e9 d\u2019un d\u00e9veloppement <\/strong>\u00e0 travers les<strong> prismes de pens\u00e9es contemporains.<\/strong><\/p>\n<tr>\n<td class=\"has-text-align-center\" data-align=\"center\"><a href=\"https:\/\/www.europesays.com\/fr\/wp-content\/uploads\/2025\/07\/art_fiesta_fuego_y_veneno_02-scaled.jpg\" target=\"_blank\" rel=\"noreferrer noopener\"><img loading=\"lazy\" decoding=\"async\" width=\"2560\" height=\"1708\" class=\"wp-image-86291\" style=\"width: 500px;\" src=\"https:\/\/www.europesays.com\/fr\/wp-content\/uploads\/2025\/07\/art_fiesta_fuego_y_veneno_02-scaled.jpg\" alt=\"\"  \/><\/a><\/td>\n<td><a href=\"https:\/\/www.europesays.com\/fr\/wp-content\/uploads\/2025\/07\/art_fiesta_fuego_y_veneno_03-scaled.jpg\" target=\"_blank\" rel=\"noreferrer noopener\"><img loading=\"lazy\" decoding=\"async\" width=\"2560\" height=\"1708\" class=\"wp-image-86292\" style=\"width: 500px;\" src=\"https:\/\/www.europesays.com\/fr\/wp-content\/uploads\/2025\/07\/art_fiesta_fuego_y_veneno_03-scaled.jpg\" alt=\"\"  \/><\/a><\/td>\n<\/tr>\n<p style=\"text-align: justify;\">Pour <strong>Fiesta,<\/strong> <strong>Pilar Albarrac\u00edn<\/strong> pr\u00e9sente <strong>plusieurs \u0153uvres<\/strong> autour de la<strong> th\u00e9matique festive<\/strong> et des <strong>diff\u00e9rentes possibilit\u00e9s de c\u00e9l\u00e9bration.<\/strong> <\/p>\n<p>\u00c0 la <strong>Maison Folie Moulins,<\/strong> <strong>Pilar Albarrac\u00edn<\/strong> propose de <strong>nouvelles productions<\/strong> inspir\u00e9es du <strong>mant\u00f3n de Manila, <\/strong><strong>ch\u00e2le traditionnel espagnol<\/strong> <strong>port\u00e9 lors des festivit\u00e9s. <\/strong>Dans cette exposition, elle <strong>aborde avec humour l\u2019h\u00e9ritage culturel, <\/strong>le <strong>rituel<\/strong> et les <strong>st\u00e9r\u00e9otypes.<\/strong> Elle <strong>d\u00e9construit <\/strong>le <strong>faux moralisme dissimul\u00e9 derri\u00e8re les clich\u00e9s <\/strong>et <strong>combat l\u2019essentialisme <\/strong>qui <strong>con\u00e7oit les identit\u00e9s<\/strong> comme <strong>quelque chose de statique.\u00a0<\/strong><\/p>\n<p>Photos de l\u2019expo \u00ab\u00a0Fuego y Veneno\u00a0\u00bb de Pilar Albarrac\u00edn<\/p>\n<p><strong>Infos pratiques<\/strong><br \/><strong><img decoding=\"async\" loading=\"lazy\" class=\"size-full wp-image-45 lazyloaded tie-appear\" src=\"https:\/\/www.europesays.com\/fr\/wp-content\/uploads\/2025\/04\/arrow.png\" alt=\"\" width=\"9\" height=\"9\" data-lazy-src=\"https:\/\/www.europesays.com\/fr\/wp-content\/uploads\/2025\/04\/arrow.png\"\/><\/strong> <strong>Maison Folie Moulins<\/strong><br \/>47\/49, rue d\u2019Arras \u2013 Lille<\/p>\n<p><strong><img decoding=\"async\" loading=\"lazy\" class=\"size-full wp-image-45 lazyloaded tie-appear\" src=\"https:\/\/www.europesays.com\/fr\/wp-content\/uploads\/2025\/04\/arrow.png\" alt=\"\" width=\"9\" height=\"9\" data-lazy-src=\"https:\/\/www.europesays.com\/fr\/wp-content\/uploads\/2025\/04\/arrow.png\"\/> Horaires : <br \/><\/strong>\u2013 mercredi au dimanche de 14h \u00e0 19h<br \/>\u2013 mercredi au dimanche de 15h \u00e0 19h (horaire d\u2019\u00e9t\u00e9)<\/p>\n<p><strong><img decoding=\"async\" loading=\"lazy\" class=\"size-full wp-image-45 lazyloaded tie-appear\" src=\"https:\/\/www.europesays.com\/fr\/wp-content\/uploads\/2025\/04\/arrow.png\" alt=\"\" width=\"9\" height=\"9\" data-lazy-src=\"https:\/\/www.europesays.com\/fr\/wp-content\/uploads\/2025\/04\/arrow.png\"\/> Tarif : <\/strong>gratuit<\/p>\n<p><strong><b><img decoding=\"async\" loading=\"lazy\" class=\"size-full wp-image-45 lazyloaded tie-appear\" src=\"https:\/\/www.europesays.com\/fr\/wp-content\/uploads\/2025\/04\/1743937991_452_arrow.png\" alt=\"\" width=\"9\" height=\"9\" data-lazy-src=\"https:\/\/www.europesays.com\/fr\/wp-content\/uploads\/2025\/04\/1743937991_452_arrow.png\"\/><\/b><\/strong> <a href=\"https:\/\/lille3000.com\/\" target=\"_blank\" rel=\"noopener nofollow\">Site internet de lille3000<\/a><\/p>\n<p><strong><b><img decoding=\"async\" loading=\"lazy\" class=\"size-full wp-image-45 lazyloaded tie-appear\" src=\"https:\/\/www.europesays.com\/fr\/wp-content\/uploads\/2025\/04\/1743937991_452_arrow.png\" alt=\"\" width=\"9\" height=\"9\" data-lazy-src=\"https:\/\/www.europesays.com\/fr\/wp-content\/uploads\/2025\/04\/1743937991_452_arrow.png\"\/><\/b><\/strong> <a href=\"https:\/\/www.zoomsurlille.fr\/tag\/fiesta\" target=\"_blank\" rel=\"noreferrer noopener nofollow\">D\u00e9couvrez nos articles sur FIESTA<\/a><\/p>\n<p>\u00a0<\/p>\n<p class=\"has-text-align-right\">Source : lille3000 \u2013 Photos : \u00a9 Zoom Sur Lille<\/p>\n","protected":false},"excerpt":{"rendered":"Jusqu\u2019au dimanche 09 novembre 2025, la Maison Folie Moulins propose l\u2019exposition \u00ab\u00a0Fuego y Veneno\u00a0\u00bb de Pilar Albarrac\u00edn. Expo&hellip;\n","protected":false},"author":2,"featured_media":285027,"comment_status":"","ping_status":"","sticky":false,"template":"","format":"standard","meta":{"footnotes":""},"categories":[2815],"tags":[1111,11,1777,674,3293,3274,1011,27,42400,811,1307,3276,42401,12,42402,25],"class_list":{"0":"post-285026","1":"post","2":"type-post","3":"status-publish","4":"format-standard","5":"has-post-thumbnail","7":"category-lille","8":"tag-actu","9":"tag-actualites","10":"tag-eu","11":"tag-europe","12":"tag-exposition","13":"tag-fiesta","14":"tag-fr","15":"tag-france","16":"tag-fuego-y-veneno","17":"tag-hauts-de-france","18":"tag-lille","19":"tag-lille3000","20":"tag-maison-folie-moulins","21":"tag-news","22":"tag-pilar-albarracin","23":"tag-republique-francaise"},"share_on_mastodon":{"url":"https:\/\/pubeurope.com\/@fr\/114943844089795362","error":""},"_links":{"self":[{"href":"https:\/\/www.europesays.com\/fr\/wp-json\/wp\/v2\/posts\/285026","targetHints":{"allow":["GET"]}}],"collection":[{"href":"https:\/\/www.europesays.com\/fr\/wp-json\/wp\/v2\/posts"}],"about":[{"href":"https:\/\/www.europesays.com\/fr\/wp-json\/wp\/v2\/types\/post"}],"author":[{"embeddable":true,"href":"https:\/\/www.europesays.com\/fr\/wp-json\/wp\/v2\/users\/2"}],"replies":[{"embeddable":true,"href":"https:\/\/www.europesays.com\/fr\/wp-json\/wp\/v2\/comments?post=285026"}],"version-history":[{"count":0,"href":"https:\/\/www.europesays.com\/fr\/wp-json\/wp\/v2\/posts\/285026\/revisions"}],"wp:featuredmedia":[{"embeddable":true,"href":"https:\/\/www.europesays.com\/fr\/wp-json\/wp\/v2\/media\/285027"}],"wp:attachment":[{"href":"https:\/\/www.europesays.com\/fr\/wp-json\/wp\/v2\/media?parent=285026"}],"wp:term":[{"taxonomy":"category","embeddable":true,"href":"https:\/\/www.europesays.com\/fr\/wp-json\/wp\/v2\/categories?post=285026"},{"taxonomy":"post_tag","embeddable":true,"href":"https:\/\/www.europesays.com\/fr\/wp-json\/wp\/v2\/tags?post=285026"}],"curies":[{"name":"wp","href":"https:\/\/api.w.org\/{rel}","templated":true}]}}