{"id":285032,"date":"2025-07-30T19:32:13","date_gmt":"2025-07-30T19:32:13","guid":{"rendered":"https:\/\/www.europesays.com\/fr\/285032\/"},"modified":"2025-07-30T19:32:13","modified_gmt":"2025-07-30T19:32:13","slug":"marseille-des-policiers-percutes-et-vises-par-des-projectiles-une-video-devient-virale-sur-internet","status":"publish","type":"post","link":"https:\/\/www.europesays.com\/fr\/285032\/","title":{"rendered":"Marseille. Des policiers percut\u00e9s et vis\u00e9s par des projectiles, une vid\u00e9o devient virale sur internet"},"content":{"rendered":"<p>Une vid\u00e9o montrant des policiers vis\u00e9s par des projectiles lundi soir \u00e0 Marseille, apr\u00e8s que leur v\u00e9hicule a \u00e9t\u00e9 violemment percut\u00e9 \u00e0 une intersection, a \u00e9t\u00e9 massivement relay\u00e9e sur les r\u00e9seaux sociaux, notamment par des personnalit\u00e9s politiques locales en soutien aux forces de l&rsquo;ordre.<\/p>\n<p>Alors que ces policiers, qui intervenaient sur un \u00ab refus d&rsquo;obtemp\u00e9rer \u00bb, \u00ab s&rsquo;extirpaient de leur v\u00e9hicule renvers\u00e9 par le choc, une douzaine d&rsquo;individus les ont pris \u00e0 partie, notamment par des jets de projectiles \u00bb, a d\u00e9taill\u00e9 sur X la pr\u00e9fecture de police des Bouches-du-Rh\u00f4ne, dans un message repost\u00e9 mercredi par le ministre de l&rsquo;Int\u00e9rieur <a href=\"https:\/\/www.ledauphine.com\/p\/bruno-retailleau\" target=\"_blank\" rel=\"noopener\">Bruno Retailleau<\/a> et assorti d&rsquo;une capture d&rsquo;\u00e9cran de la vid\u00e9o.<\/p>\n<p>  \u00ab J&rsquo;ai honte ce soir d&rsquo;\u00eatre marseillaise \u00bb<\/p>\n<p>La pr\u00e9fecture \u00ab t\u00e9moigne son plein soutien \u00bb et son \u00ab admiration pour le sang-froid, la ma\u00eetrise et le courage de ces policiers heureusement l\u00e9g\u00e8rement bless\u00e9s. [&#8230;] Ceux qui les insultent et les d\u00e9fient seront punis \u00bb, ajoute le message. Sur l&rsquo;un des comptes o\u00f9 elle a aussi \u00e9t\u00e9 diffus\u00e9e sur Instagram, la vid\u00e9o y avait \u00e9t\u00e9 vue pr\u00e8s d&rsquo;un million de fois mercredi soir. Toujours sur X, la pr\u00e9sidente (divers droite) du d\u00e9partement des Bouches-du-Rh\u00f4ne, Martine Vassal, s&rsquo;est dite \u00ab choqu\u00e9e \u00bb par ces images o\u00f9 les policiers sont \u00ab insult\u00e9s, m\u00e9pris\u00e9s \u00e0 d\u00e9faut d&rsquo;\u00eatre secourus \u00bb\u00a0: \u00ab J&rsquo;ai honte ce soir d&rsquo;\u00eatre marseillaise \u00bb, a-t-elle poursuivi, partageant la vid\u00e9o qui a ensuite \u00e9t\u00e9 vue plus de 36\u00a0000 fois.<\/p>\n<p>Portant le message \u00ab Une journ\u00e9e banale sur Marseille \u00bb, cette vid\u00e9o, dont l&rsquo;une des premi\u00e8res occurrences retrouv\u00e9es par l&rsquo;AFP a \u00e9t\u00e9 post\u00e9e sur TikTok lundi soir, quelques minutes apr\u00e8s l&rsquo;accident, montre une voiture de police, gyrophare et sir\u00e8ne allum\u00e9s, violemment percut\u00e9e \u00e0 un carrefour par un v\u00e9hicule de couleur blanche. Sous l&rsquo;effet du choc, la voiture de police fait un tonneau avant de s&rsquo;immobiliser sur le flanc gauche. Quelques secondes plus tard, deux policiers s&rsquo;en extraient tandis que le conducteur du v\u00e9hicule blanc vient \u00e0 leur contact.<\/p>\n<p>\u00c0\u00a0quelques m\u00e8tres de la voiture accident\u00e9e montent alors des nuages de fum\u00e9e, \u00e9manant visiblement de projectiles, qui entra\u00eenent la dispersion des badauds. De nombreux cris sont \u00e9galement perceptibles. Les faits se sont produits lundi peu avant 21 heures dans le nord de Marseille, a confirm\u00e9 une source polici\u00e8re, alors que la patrouille poursuivait le pilote d&rsquo;une motocross ayant refus\u00e9 d&rsquo;obtemp\u00e9rer.<\/p>\n<p>  Pas d&rsquo;interpellation pour l&rsquo;instant<\/p>\n<p>Le d\u00e9put\u00e9 RN des Bouches-du-Rh\u00f4ne Franck Allisio s&rsquo;est dit mardi sur X \u00ab \u00e9c\u0153ur\u00e9 d\u2019entendre des cris de joie, des rires et des klaxons \u00bb apr\u00e8s l&rsquo;accident des policiers\u00a0: \u00ab Personne n\u2019a voulu les soutenir ou leur porter assistance ! Pire, des racailles ont voulu les passer \u00e0 tabac \u00bb, compl\u00e8te-t-il en relayant la vid\u00e9o. \u00ab Les images de policiers percut\u00e9s puis pris pour cible en pleine rue [&#8230;] sont honteuses \u00bb, a estim\u00e9 pour sa part mercredi le pr\u00e9sident (Renaissance) de la r\u00e9gion Provence-Alpes-C\u00f4te d&rsquo;Azur <a href=\"https:\/\/www.ledauphine.com\/p\/renaud-muselier\" target=\"_blank\" rel=\"noopener\">Renaud Muselier<\/a>, sur le m\u00eame r\u00e9seau social. Sans relayer la vid\u00e9o, le maire de Marseille (divers gauche) <a href=\"https:\/\/www.ledauphine.com\/p\/benoit-payan\" target=\"_blank\" rel=\"noopener\">Beno\u00eet Payan<\/a> a lui condamn\u00e9 sur X \u00ab avec la plus grande fermet\u00e9 l&rsquo;acte de violence qui a vis\u00e9 les policiers \u00bb.<\/p>\n<p>Aucune interpellation n&rsquo;a eu lieu \u00e0 ce stade, selon la source polici\u00e8re. Rien ne laissait penser mercredi que la voiture blanche avait sciemment percut\u00e9 l&rsquo;\u00e9quipage de police.<\/p>\n","protected":false},"excerpt":{"rendered":"Une vid\u00e9o montrant des policiers vis\u00e9s par des projectiles lundi soir \u00e0 Marseille, apr\u00e8s que leur v\u00e9hicule a&hellip;\n","protected":false},"author":2,"featured_media":285033,"comment_status":"","ping_status":"","sticky":false,"template":"","format":"standard","meta":{"footnotes":""},"categories":[2814],"tags":[1111,11,271,272,1777,674,274,107,1011,27,329,884,12,882,25],"class_list":{"0":"post-285032","1":"post","2":"type-post","3":"status-publish","4":"format-standard","5":"has-post-thumbnail","7":"category-marseille","8":"tag-actu","9":"tag-actualites","10":"tag-crime","11":"tag-delit-et-contravention","12":"tag-eu","13":"tag-europe","14":"tag-faits-divers-justice","15":"tag-fil-info","16":"tag-fr","17":"tag-france","18":"tag-france-monde","19":"tag-marseille","20":"tag-news","21":"tag-provence-alpes-cote-dazur","22":"tag-republique-francaise"},"share_on_mastodon":{"url":"https:\/\/pubeurope.com\/@fr\/114943855519697399","error":""},"_links":{"self":[{"href":"https:\/\/www.europesays.com\/fr\/wp-json\/wp\/v2\/posts\/285032","targetHints":{"allow":["GET"]}}],"collection":[{"href":"https:\/\/www.europesays.com\/fr\/wp-json\/wp\/v2\/posts"}],"about":[{"href":"https:\/\/www.europesays.com\/fr\/wp-json\/wp\/v2\/types\/post"}],"author":[{"embeddable":true,"href":"https:\/\/www.europesays.com\/fr\/wp-json\/wp\/v2\/users\/2"}],"replies":[{"embeddable":true,"href":"https:\/\/www.europesays.com\/fr\/wp-json\/wp\/v2\/comments?post=285032"}],"version-history":[{"count":0,"href":"https:\/\/www.europesays.com\/fr\/wp-json\/wp\/v2\/posts\/285032\/revisions"}],"wp:featuredmedia":[{"embeddable":true,"href":"https:\/\/www.europesays.com\/fr\/wp-json\/wp\/v2\/media\/285033"}],"wp:attachment":[{"href":"https:\/\/www.europesays.com\/fr\/wp-json\/wp\/v2\/media?parent=285032"}],"wp:term":[{"taxonomy":"category","embeddable":true,"href":"https:\/\/www.europesays.com\/fr\/wp-json\/wp\/v2\/categories?post=285032"},{"taxonomy":"post_tag","embeddable":true,"href":"https:\/\/www.europesays.com\/fr\/wp-json\/wp\/v2\/tags?post=285032"}],"curies":[{"name":"wp","href":"https:\/\/api.w.org\/{rel}","templated":true}]}}