{"id":285034,"date":"2025-07-30T19:33:12","date_gmt":"2025-07-30T19:33:12","guid":{"rendered":"https:\/\/www.europesays.com\/fr\/285034\/"},"modified":"2025-07-30T19:33:12","modified_gmt":"2025-07-30T19:33:12","slug":"rhone-un-jeune-homme-se-noie-dans-un-lac-au-nord-de-lyon","status":"publish","type":"post","link":"https:\/\/www.europesays.com\/fr\/285034\/","title":{"rendered":"Rh\u00f4ne. Un jeune homme se noie dans un lac au nord de Lyon"},"content":{"rendered":"<p>Les secours ont tout tent\u00e9, pendant plus de 40 minutes. En vain. Un homme, \u00e2g\u00e9 de 22 ans, s\u2019est noy\u00e9 dans le lac du Colombier, \u00e0 Anse, ce mercredi, vers 16 heures.<\/p>\n<p>Ce jeune congolais \u00e9tait venu profiter de ce lieu tr\u00e8s fr\u00e9quent\u00e9 l\u2019\u00e9t\u00e9 avec des amis. Mais alors qu\u2019il \u00e9tait \u00e0 la limite de la zone surveill\u00e9e de baignade et alors qu\u2019il ne savait pas nager, il s\u2019est noy\u00e9.<\/p>\n<p>Ce contenu est bloqu\u00e9 car vous n&rsquo;avez pas accept\u00e9 les cookies et autres traceurs.<\/p>\n<p>En cliquant sur \u00ab J\u2019accepte \u00bb, les cookies et autres traceurs seront d\u00e9pos\u00e9s et vous pourrez visualiser les contenus  (<a href=\"\" class=\"consentModule_policy\" target=\"_blank\" title=\"Consulter la politique de protection des donn\u00e9es du fournisseur\">plus d&rsquo;informations<\/a>).<\/p>\n<p>En cliquant sur \u00ab J\u2019accepte tous les cookies \u00bb, vous autorisez des d\u00e9p\u00f4ts de cookies et autres traceurs pour le stockage de vos donn\u00e9es sur nos sites et applications \u00e0 des fins de personnalisation et de ciblage publicitaire.<\/p>\n<p class=\"consentModule_secondaryText\">Vous gardez la possibilit\u00e9 de retirer votre consentement \u00e0 tout moment en consultant notre <a href=\"https:\/\/www.leprogres.fr\/protection-des-donnees\" target=\"_blank\" title=\"Consulter notre politique de protection des donn\u00e9es\" rel=\"noopener\">politique de protection des donn\u00e9es<\/a>. <br \/>&#13;<br \/>\n            <a href=\"https:\/\/www.leprogres.fr\/faits-divers-justice\/2025\/07\/30\/javascript:Didomi.notice.show()\" class=\"consentModule_cmp\" target=\"_blank\" rel=\"noopener\">G\u00e9rer mes choix<\/a>&#13;\n        <\/p>\n<p>&#13;<br \/>\n                        J&rsquo;accepte&#13;<br \/>\n            J&rsquo;accepte tous les cookies&#13;\n        <\/p>\n<p>  Son d\u00e9c\u00e8s prononc\u00e9 sur place<\/p>\n<p>Les ma\u00eetres-nageurs l\u2019ont tout de m\u00eame vu en d\u00e9tresse et sont intervenus pour le secourir. Puis les sapeurs-pompiers et le SMUR sont venus leur pr\u00eater main-forte. Mais 40 minutes plus tard, \u00e0 16\u00a0h\u00a040, son d\u00e9c\u00e8s a \u00e9t\u00e9 prononc\u00e9 sur place, confirme au Progr\u00e8s  le parquet du tribunal de Villefranche-sur-Sa\u00f4ne. Les gendarmes de la brigade de Anse sont \u00e9galement all\u00e9s sur place.<\/p>\n","protected":false},"excerpt":{"rendered":"Les secours ont tout tent\u00e9, pendant plus de 40 minutes. En vain. Un homme, \u00e2g\u00e9 de 22 ans,&hellip;\n","protected":false},"author":2,"featured_media":285035,"comment_status":"","ping_status":"","sticky":false,"template":"","format":"standard","meta":{"footnotes":""},"categories":[1889],"tags":[119,1111,11,42403,42404,2430,3156,1777,674,274,107,1011,27,2428,12,25,2429],"class_list":{"0":"post-285034","1":"post","2":"type-post","3":"status-publish","4":"format-standard","5":"has-post-thumbnail","7":"category-lyon","8":"tag-accident","9":"tag-actu","10":"tag-actualites","11":"tag-anse","12":"tag-anse-bassin","13":"tag-auvergne-rhone-alpes","14":"tag-edition-villefranche","15":"tag-eu","16":"tag-europe","17":"tag-faits-divers-justice","18":"tag-fil-info","19":"tag-fr","20":"tag-france","21":"tag-lyon","22":"tag-news","23":"tag-republique-francaise","24":"tag-rhone"},"share_on_mastodon":{"url":"https:\/\/pubeurope.com\/@fr\/114943859409168626","error":""},"_links":{"self":[{"href":"https:\/\/www.europesays.com\/fr\/wp-json\/wp\/v2\/posts\/285034","targetHints":{"allow":["GET"]}}],"collection":[{"href":"https:\/\/www.europesays.com\/fr\/wp-json\/wp\/v2\/posts"}],"about":[{"href":"https:\/\/www.europesays.com\/fr\/wp-json\/wp\/v2\/types\/post"}],"author":[{"embeddable":true,"href":"https:\/\/www.europesays.com\/fr\/wp-json\/wp\/v2\/users\/2"}],"replies":[{"embeddable":true,"href":"https:\/\/www.europesays.com\/fr\/wp-json\/wp\/v2\/comments?post=285034"}],"version-history":[{"count":0,"href":"https:\/\/www.europesays.com\/fr\/wp-json\/wp\/v2\/posts\/285034\/revisions"}],"wp:featuredmedia":[{"embeddable":true,"href":"https:\/\/www.europesays.com\/fr\/wp-json\/wp\/v2\/media\/285035"}],"wp:attachment":[{"href":"https:\/\/www.europesays.com\/fr\/wp-json\/wp\/v2\/media?parent=285034"}],"wp:term":[{"taxonomy":"category","embeddable":true,"href":"https:\/\/www.europesays.com\/fr\/wp-json\/wp\/v2\/categories?post=285034"},{"taxonomy":"post_tag","embeddable":true,"href":"https:\/\/www.europesays.com\/fr\/wp-json\/wp\/v2\/tags?post=285034"}],"curies":[{"name":"wp","href":"https:\/\/api.w.org\/{rel}","templated":true}]}}